{"id":88932,"date":"2022-02-17T13:20:08","date_gmt":"2022-02-17T16:20:08","guid":{"rendered":"https:\/\/tvtecjundiai.com.br\/news\/?p=88932"},"modified":"2022-02-17T13:20:12","modified_gmt":"2022-02-17T16:20:12","slug":"jundiai-empreendedora-webinar-no-ciesp-vai-debater-marketing-em-tempo-real","status":"publish","type":"post","link":"https:\/\/tvtecjundiai.com.br\/news\/2022\/02\/17\/jundiai-empreendedora-webinar-no-ciesp-vai-debater-marketing-em-tempo-real\/","title":{"rendered":"Jundia\u00ed Empreendedora: Webinar no Ciesp vai debater Marketing em tempo real"},"content":{"rendered":"\n<p>Com apoio do Jundia\u00ed Empreendedora, o Ciesp Jundia\u00ed e o N\u00facleo Jovens Empreendedores promovem na pr\u00f3xima ter\u00e7a-feira, \u00e0s 19h, um webinar para debater o tema \u201cMarketing em Tempo Real: o tempo do cliente j\u00e1 n\u00e3o \u00e9 mais o mesmo\u201d. O encontro que ser\u00e1 coordenado pelo diretor do NJE Jundia\u00ed, Vin\u00edcius Ribas, ter\u00e1 a participa\u00e7\u00e3o de Alexandre Borin, chairman e co-founder da Prestus.\u00a0<\/p>\n\n\n\n<p>O encontro ser\u00e1 virtual e a inscri\u00e7\u00e3o \u00e9 gratuita. Para se inscrever basta acessar o\u00a0<a href=\"https:\/\/web.jundiai.sp.gov.br\/PMJ\/emprega\/Treinamento\">Portal Jundia\u00ed Empreendedora.<\/a><\/p>\n\n\n\n<p>Segundo Cristiano Lopes, gestor de Desenvolvimento Econ\u00f4mico, Ci\u00eancia e Tecnologia, as parceiras com as entidades s\u00e3o importantes. \u201cO tema do webinar \u00e9 muito atual no momento que todos est\u00e3o se reinventando e investindo no mundo digital. O Ciesp \u00e9 um parceiro importante da Prefeitura nos cursos de capacita\u00e7\u00e3o que estamos promovendo com o programa Jundia\u00ed Empreendedora e estar\u00e1 junto conosco na Semana do Empreendedorismo\u201d, explica.<\/p>\n\n\n\n<div class=\"wp-block-image\"><figure class=\"aligncenter size-full is-resized\"><img loading=\"lazy\" decoding=\"async\" src=\"https:\/\/tvtecjundiai.com.br\/news\/wp-content\/uploads\/sites\/2\/2022\/02\/whatsapp-image-2022-02-17-at-10-32-42-1-768x960-1.jpeg\" alt=\"\" class=\"wp-image-88933\" width=\"650\" height=\"813\" srcset=\"https:\/\/tvtecjundiai.com.br\/news\/wp-content\/uploads\/sites\/2\/2022\/02\/whatsapp-image-2022-02-17-at-10-32-42-1-768x960-1.jpeg 768w, https:\/\/tvtecjundiai.com.br\/news\/wp-content\/uploads\/sites\/2\/2022\/02\/whatsapp-image-2022-02-17-at-10-32-42-1-768x960-1-300x375.jpeg 300w\" sizes=\"auto, (max-width: 650px) 100vw, 650px\" \/><\/figure><\/div>\n\n\n\n<p>\u201cRestaurantes sem card\u00e1pio, empresas sem website, por\u00e9m, com taxas de engajamento alt\u00edssimas nas Redes Sociais e WhatsApp. Vamos orientar sobre a cria\u00e7\u00e3o de processos com estrat\u00e9gias e ferramentas simples para envolver o seu cliente criando oportunidades em tempo real. Claro que pensando na capacidade da sua empresa e de seus vendedores atender a nova demanda\u201d, anuncia o palestrante.<\/p>\n\n\n\n<p>O diretor do NJE convida a todos os empreendedores de Jundia\u00ed e regi\u00e3o para participar. \u201cEstamos com saudades dos eventos presenciais, mas o evento on-line oferece a oportunidade para as pessoas participarem de qualquer parte do pa\u00eds e do mundo e isso \u00e9 fant\u00e1stico\u201d, destaca Vin\u00edcius, lembrando que o NJE n\u00e3o \u00e9 exclusivamente para jovens. \u201c\u00c9 para todos aqueles que querem empreender, que tem o interesse em desenvolver uma mente empreendedora para debater ideias e experi\u00eancias\u201d,\u00a0completa.\u00a0<\/p>\n\n\n\n<p><em><strong>(Fonte\/Imagem: Prefeitura de Jundia\u00ed)<\/strong><\/em><\/p>\n","protected":false},"excerpt":{"rendered":"<p>Webinar ser\u00e1 coordenado pelo diretor do N\u00facleo Jovens Empreendedores Jundia\u00ed, Vin\u00edcius Ribas<\/p>\n","protected":false},"author":30,"featured_media":88935,"comment_status":"closed","ping_status":"closed","sticky":false,"template":"","format":"standard","meta":{"footnotes":""},"categories":[8356,1],"tags":[],"class_list":["post-88932","post","type-post","status-publish","format-standard","has-post-thumbnail","hentry","category-jundiai","category-noticias"],"_links":{"self":[{"href":"https:\/\/tvtecjundiai.com.br\/news\/wp-json\/wp\/v2\/posts\/88932","targetHints":{"allow":["GET"]}}],"collection":[{"href":"https:\/\/tvtecjundiai.com.br\/news\/wp-json\/wp\/v2\/posts"}],"about":[{"href":"https:\/\/tvtecjundiai.com.br\/news\/wp-json\/wp\/v2\/types\/post"}],"author":[{"embeddable":true,"href":"https:\/\/tvtecjundiai.com.br\/news\/wp-json\/wp\/v2\/users\/30"}],"replies":[{"embeddable":true,"href":"https:\/\/tvtecjundiai.com.br\/news\/wp-json\/wp\/v2\/comments?post=88932"}],"version-history":[{"count":1,"href":"https:\/\/tvtecjundiai.com.br\/news\/wp-json\/wp\/v2\/posts\/88932\/revisions"}],"predecessor-version":[{"id":88936,"href":"https:\/\/tvtecjundiai.com.br\/news\/wp-json\/wp\/v2\/posts\/88932\/revisions\/88936"}],"wp:featuredmedia":[{"embeddable":true,"href":"https:\/\/tvtecjundiai.com.br\/news\/wp-json\/wp\/v2\/media\/88935"}],"wp:attachment":[{"href":"https:\/\/tvtecjundiai.com.br\/news\/wp-json\/wp\/v2\/media?parent=88932"}],"wp:term":[{"taxonomy":"category","embeddable":true,"href":"https:\/\/tvtecjundiai.com.br\/news\/wp-json\/wp\/v2\/categories?post=88932"},{"taxonomy":"post_tag","embeddable":true,"href":"https:\/\/tvtecjundiai.com.br\/news\/wp-json\/wp\/v2\/tags?post=88932"}],"curies":[{"name":"wp","href":"https:\/\/api.w.org\/{rel}","templated":true}]}}