{"id":88963,"date":"2022-02-17T17:49:56","date_gmt":"2022-02-17T20:49:56","guid":{"rendered":"https:\/\/tvtecjundiai.com.br\/news\/?p=88963"},"modified":"2022-02-17T17:50:07","modified_gmt":"2022-02-17T20:50:07","slug":"rede-socioassistencial-participa-de-formacao-sobre-conceitos-de-inovacao-aberta","status":"publish","type":"post","link":"https:\/\/tvtecjundiai.com.br\/news\/2022\/02\/17\/rede-socioassistencial-participa-de-formacao-sobre-conceitos-de-inovacao-aberta\/","title":{"rendered":"Rede socioassistencial participa de forma\u00e7\u00e3o sobre conceitos de Inova\u00e7\u00e3o Aberta"},"content":{"rendered":"\n<p>Servidores da Unidade de Gest\u00e3o de Assist\u00eancia e Desenvolvimento Social (UGADS) participaram nessa quarta-feira (16) de uma forma\u00e7\u00e3o sobre Inova\u00e7\u00e3o Aberta. O encontro, realizado no audit\u00f3rio do Pa\u00e7o Municipal, contou com din\u00e2micas interativas e com a palestra do executivo e empreendedor Alexandre Borin, que integra o Conselho Municipal de Ci\u00eancia, Tecnologia e Inova\u00e7\u00e3o de Jundia\u00ed (CMCTI).<\/p>\n\n\n\n<p>\u201cA palestra desta manh\u00e3 integra o programa Jundia\u00ed Empreendedora, do governo do prefeito Luiz Fernando Machado, que visa ao fomento de empregos, neg\u00f3cios e inova\u00e7\u00e3o, neste caso, nos ambientes das Unidades de Gest\u00e3o da Prefeitura. Al\u00e9m do rec\u00e9m-inaugurado espa\u00e7o pr\u00f3prio no Maxi Shopping, o programa prev\u00ea tamb\u00e9m outras iniciativas, como o Campus Jundia\u00ed para a incuba\u00e7\u00e3o nos ambientes de inova\u00e7\u00e3o, rodadas de neg\u00f3cios internacionais e o Plano de Desenvolvimento Local\u201d, explicou o gestor-adjunto de Governo, Jones Martins, que \u00e9 tamb\u00e9m vice-presidente do (CMCTI).<\/p>\n\n\n\n<figure class=\"wp-block-image\"><img decoding=\"async\" src=\"https:\/\/jundiai.sp.gov.br\/noticias\/wp-content\/uploads\/sites\/32\/2022\/02\/oficina-de-inovacao_auditorio-do-paco-8.jpg\" alt=\"Audit\u00f3rio com pessoas sentadas sobre bancos estofados azuis de alturas diversas, com um homem e duas mulheres de m\u00e1scaras \u00e0 frente e em f\u00e9, em frente a uma mesa com tel\u00e3o e dois pain\u00e9is onde est\u00e1 escrito Prefeitura de Jundia\u00ed e um bras\u00e3o colorido\" class=\"wp-image-286130\" \/><figcaption>Atividade para os servidores contou com contou com din\u00e2micas interativas e palestra<\/figcaption><\/figure>\n\n\n\n<p>Conforme explicado por Borin, o conceito de Inova\u00e7\u00e3o Aberta trata de modelos de gest\u00e3o que permitem a inclus\u00e3o de tecnologias e saberes externos ao contexto para a cria\u00e7\u00e3o de solu\u00e7\u00f5es inovadoras. Borin ressaltou tamb\u00e9m a import\u00e2ncia da atividade para a rede socioassistencial. \u201cA partir dos dados de que a Unidade j\u00e1 disp\u00f5e, a Inova\u00e7\u00e3o Aberta, por meio da correla\u00e7\u00e3o de dados, consegue predizer as viola\u00e7\u00f5es de direitos e impactos do empobrecimento, al\u00e9m de planejar as formas para seu enfrentamento e solu\u00e7\u00f5es. Outro aspecto \u00e9 como a inclus\u00e3o digital da popula\u00e7\u00e3o vulner\u00e1vel auxilia o acesso \u00e0 cartela de servi\u00e7os j\u00e1 oferecidos e otimiza o trabalho da rede\u201d.<\/p>\n\n\n\n<p>Para a gestora da UGADS, Maria Brant, a palestra foi um convite importante \u00e0 reflex\u00e3o. \u201cOs temas tratados trouxeram a reflex\u00e3o de por que queremos repensar de forma inovadora os nossos fluxos e rotinas de trabalho. E uma a\u00e7\u00e3o inicial importante \u00e9 a cria\u00e7\u00e3o de um canal aberto com todos os colaboradores, para que compartilhem com a gest\u00e3o n\u00e3o s\u00f3 as solu\u00e7\u00f5es que imaginem, mas tamb\u00e9m os problemas que identificam. Sa\u00edmos daqui bastante provocados a inovar\u201d.<\/p>\n\n\n\n<p>Participaram do encontro servidores dos Centros de Refer\u00eancia de Assist\u00eancia Social (Cras), Centro de Refer\u00eancia Especializado da Assist\u00eancia Social (Creas), Centro Pop e Cadastro \u00danico, al\u00e9m da Rede Jundiai de Coopera\u00e7\u00e3o, vinculada \u00e0 Unidade de Gest\u00e3o de Governo e Finan\u00e7as (UGGF).<\/p>\n\n\n\n<p><em><strong>(Fonte\/Imagem: Prefeitura de Jundia\u00ed)<\/strong><\/em><\/p>\n","protected":false},"excerpt":{"rendered":"<p>O encontro, realizado no audit\u00f3rio do Pa\u00e7o Municipal, contou com din\u00e2micas interativas e com a palestra.<\/p>\n","protected":false},"author":27,"featured_media":88964,"comment_status":"closed","ping_status":"closed","sticky":false,"template":"","format":"standard","meta":{"footnotes":""},"categories":[8356],"tags":[],"class_list":["post-88963","post","type-post","status-publish","format-standard","has-post-thumbnail","hentry","category-jundiai"],"_links":{"self":[{"href":"https:\/\/tvtecjundiai.com.br\/news\/wp-json\/wp\/v2\/posts\/88963","targetHints":{"allow":["GET"]}}],"collection":[{"href":"https:\/\/tvtecjundiai.com.br\/news\/wp-json\/wp\/v2\/posts"}],"about":[{"href":"https:\/\/tvtecjundiai.com.br\/news\/wp-json\/wp\/v2\/types\/post"}],"author":[{"embeddable":true,"href":"https:\/\/tvtecjundiai.com.br\/news\/wp-json\/wp\/v2\/users\/27"}],"replies":[{"embeddable":true,"href":"https:\/\/tvtecjundiai.com.br\/news\/wp-json\/wp\/v2\/comments?post=88963"}],"version-history":[{"count":1,"href":"https:\/\/tvtecjundiai.com.br\/news\/wp-json\/wp\/v2\/posts\/88963\/revisions"}],"predecessor-version":[{"id":88966,"href":"https:\/\/tvtecjundiai.com.br\/news\/wp-json\/wp\/v2\/posts\/88963\/revisions\/88966"}],"wp:featuredmedia":[{"embeddable":true,"href":"https:\/\/tvtecjundiai.com.br\/news\/wp-json\/wp\/v2\/media\/88964"}],"wp:attachment":[{"href":"https:\/\/tvtecjundiai.com.br\/news\/wp-json\/wp\/v2\/media?parent=88963"}],"wp:term":[{"taxonomy":"category","embeddable":true,"href":"https:\/\/tvtecjundiai.com.br\/news\/wp-json\/wp\/v2\/categories?post=88963"},{"taxonomy":"post_tag","embeddable":true,"href":"https:\/\/tvtecjundiai.com.br\/news\/wp-json\/wp\/v2\/tags?post=88963"}],"curies":[{"name":"wp","href":"https:\/\/api.w.org\/{rel}","templated":true}]}}