{"id":8903,"date":"2018-04-17T10:47:36","date_gmt":"2018-04-17T13:47:36","guid":{"rendered":"https:\/\/tvtecjundiai.com.br\/news\/?p=8903"},"modified":"2018-04-17T10:49:07","modified_gmt":"2018-04-17T13:49:07","slug":"sinfonica-jovem-do-estado-faz-concerto-gratuito-no-polytheama","status":"publish","type":"post","link":"https:\/\/tvtecjundiai.com.br\/news\/2018\/04\/17\/sinfonica-jovem-do-estado-faz-concerto-gratuito-no-polytheama\/","title":{"rendered":"Sinf\u00f4nica Jovem do Estado faz concerto gratuito no Polytheama"},"content":{"rendered":"<div id=\"attachment_8904\" style=\"width: 410px\" class=\"wp-caption alignright\"><a href=\"https:\/\/tvtecjundiai.com.br\/news\/wp-content\/uploads\/sites\/2\/2018\/04\/banda-sinfonica_adriana-elias_730.jpg\"><img loading=\"lazy\" decoding=\"async\" aria-describedby=\"caption-attachment-8904\" class=\"wp-image-8904\" src=\"https:\/\/tvtecjundiai.com.br\/news\/wp-content\/uploads\/sites\/2\/2018\/04\/banda-sinfonica_adriana-elias_730-300x150.jpg\" alt=\"\" width=\"400\" height=\"200\" srcset=\"https:\/\/tvtecjundiai.com.br\/news\/wp-content\/uploads\/sites\/2\/2018\/04\/banda-sinfonica_adriana-elias_730-300x150.jpg 300w, https:\/\/tvtecjundiai.com.br\/news\/wp-content\/uploads\/sites\/2\/2018\/04\/banda-sinfonica_adriana-elias_730-768x384.jpg 768w, https:\/\/tvtecjundiai.com.br\/news\/wp-content\/uploads\/sites\/2\/2018\/04\/banda-sinfonica_adriana-elias_730-1200x600.jpg 1200w, https:\/\/tvtecjundiai.com.br\/news\/wp-content\/uploads\/sites\/2\/2018\/04\/banda-sinfonica_adriana-elias_730.jpg 1280w\" sizes=\"auto, (max-width: 400px) 100vw, 400px\" \/><\/a><p id=\"caption-attachment-8904\" class=\"wp-caption-text\">Ingressos gratuitos poder\u00e3o ser retirados na bilheteria do Teatro a partir desta sexta-feira (20), \u00e0s 13h<\/p><\/div>\n<p>A Banda Sinf\u00f4nica Jovem do Estado de S\u00e3o Paulo estreia o programa da temporada 2018 pelo Teatro Polytheama. O concerto gratuito deste s\u00e1bado (21), \u00e0s 20h, tem em seu repert\u00f3rio obras de David Gillinghan, Eric Whitacre, Johan de Meij e James Stephenson, sob a reg\u00eancia da maestrina M\u00f4nica Giardini.<\/p>\n<p>Os ingressos poder\u00e3o ser retirados na bilheteria do Teatro a partir desta sexta-feira (20), das 13h \u00e0s 17h, e no s\u00e1bado (21), a partir das 14h. Cada adulto poder\u00e1 retirar at\u00e9 2 ingressos. O Teatro Polytheama fica na rua Bar\u00e3o de Jundia\u00ed, 176, Centro e os telefones para informa\u00e7\u00f5es s\u00e3o (11) 4586-2472 e 4522-0770, com atendimento de segunda a sexta-feira, das 8h \u00e0s 17h.<\/p>\n<p>A Banda Sinf\u00f4nica Jovem do Estado foi composta em 1993 e faz parte dos grupos de forma\u00e7\u00e3o e difus\u00e3o art\u00edstica da Escola de M\u00fasica do Estado de S\u00e3o Paulo (Emesp) Tom Jobim. Com criatividade, inova\u00e7\u00e3o e viv\u00eancia pedag\u00f3gica, a banda mescla repert\u00f3rio tradicional e erudito com composi\u00e7\u00f5es populares e tem\u00e1ticas e possibilita o interc\u00e2mbio entre os m\u00fasicos.<\/p>\n<p>A programa\u00e7\u00e3o de espet\u00e1culos do Teatro e a agenda cultural completa no Munic\u00edpio est\u00e3o dispon\u00edveis no Aplicativo Jundia\u00ed, ferramenta que pode ser baixada em qualquer smartphone Android ou iPhone.<\/p>\n<p><em>Fonte: Prefeitura de Jundia\u00ed<\/em><\/p>\n","protected":false},"excerpt":{"rendered":"<p>Evento acontece neste s\u00e1bado (21), \u00e0s 20h<\/p>\n","protected":false},"author":10,"featured_media":8904,"comment_status":"closed","ping_status":"closed","sticky":false,"template":"","format":"standard","meta":{"footnotes":""},"categories":[2833,29,1],"tags":[84,5,1034,2867,15],"class_list":["post-8903","post","type-post","status-publish","format-standard","has-post-thumbnail","hentry","category-cultura","category-destaque","category-noticias","tag-cultura","tag-jundiai","tag-musica","tag-sinfonica-jovem","tag-tvtec"],"_links":{"self":[{"href":"https:\/\/tvtecjundiai.com.br\/news\/wp-json\/wp\/v2\/posts\/8903","targetHints":{"allow":["GET"]}}],"collection":[{"href":"https:\/\/tvtecjundiai.com.br\/news\/wp-json\/wp\/v2\/posts"}],"about":[{"href":"https:\/\/tvtecjundiai.com.br\/news\/wp-json\/wp\/v2\/types\/post"}],"author":[{"embeddable":true,"href":"https:\/\/tvtecjundiai.com.br\/news\/wp-json\/wp\/v2\/users\/10"}],"replies":[{"embeddable":true,"href":"https:\/\/tvtecjundiai.com.br\/news\/wp-json\/wp\/v2\/comments?post=8903"}],"version-history":[{"count":3,"href":"https:\/\/tvtecjundiai.com.br\/news\/wp-json\/wp\/v2\/posts\/8903\/revisions"}],"predecessor-version":[{"id":8908,"href":"https:\/\/tvtecjundiai.com.br\/news\/wp-json\/wp\/v2\/posts\/8903\/revisions\/8908"}],"wp:featuredmedia":[{"embeddable":true,"href":"https:\/\/tvtecjundiai.com.br\/news\/wp-json\/wp\/v2\/media\/8904"}],"wp:attachment":[{"href":"https:\/\/tvtecjundiai.com.br\/news\/wp-json\/wp\/v2\/media?parent=8903"}],"wp:term":[{"taxonomy":"category","embeddable":true,"href":"https:\/\/tvtecjundiai.com.br\/news\/wp-json\/wp\/v2\/categories?post=8903"},{"taxonomy":"post_tag","embeddable":true,"href":"https:\/\/tvtecjundiai.com.br\/news\/wp-json\/wp\/v2\/tags?post=8903"}],"curies":[{"name":"wp","href":"https:\/\/api.w.org\/{rel}","templated":true}]}}