{"id":89047,"date":"2022-02-20T16:03:10","date_gmt":"2022-02-20T19:03:10","guid":{"rendered":"https:\/\/tvtecjundiai.com.br\/news\/?p=89047"},"modified":"2022-02-20T16:03:16","modified_gmt":"2022-02-20T19:03:16","slug":"sinalizacao-horizontal-e-vertical-e-implantada-na-vila-hortolandia","status":"publish","type":"post","link":"https:\/\/tvtecjundiai.com.br\/news\/2022\/02\/20\/sinalizacao-horizontal-e-vertical-e-implantada-na-vila-hortolandia\/","title":{"rendered":"Sinaliza\u00e7\u00e3o horizontal e vertical \u00e9 implantada na Vila Hortol\u00e2ndia"},"content":{"rendered":"\n<p>Para dar mais seguran\u00e7a aos motoristas e fluidez ao tr\u00e2nsito na regi\u00e3o da Vila Hortol\u00e2ndia, a Unidade de Mobilidade e Transporte realizou neste domingo (20) o trabalho de sinaliza\u00e7\u00e3o vertical e horizontal na Avenida Prefeito Jos\u00e9 de Castro Marcondes.<\/p>\n\n\n\n<p>A partir deste domingo, a primeira al\u00e7a da Rodovia Vereador Geraldo Dias para a Avenida ficar\u00e1 fechada nos hor\u00e1rios de pico. No entanto, outro acesso a 300 metros, logo ap\u00f3s a passarela do Terminal Hortol\u00e2ndia, foi aberto para os ve\u00edculos sentido Centro.<\/p>\n\n\n\n<p>As melhorias ocorrem para amenizar os impactos das obras da implanta\u00e7\u00e3o de duas faixas adicionais por sentido entre os km 65 e 62 da SP-360, entre o Mundo das Crian\u00e7as e a Anhanguera (SP-330).<br>O investimento de R$ 80 milh\u00f5es \u00e9 da concession\u00e1ria Rota das Bandeiras e ir\u00e1 ampliar a capacidade de tr\u00e1fego da via. A implanta\u00e7\u00e3o das marginais far\u00e1 a segrega\u00e7\u00e3o do tr\u00e1fego urbano, deixando as pistas expressas para o tr\u00e2nsito intermunicipal. A previs\u00e3o da Concession\u00e1ria \u00e9 de que as obras sejam conclu\u00eddas no segundo semestre de 2022.<\/p>\n\n\n\n<figure class=\"wp-block-image\"><img decoding=\"async\" src=\"https:\/\/jundiai.sp.gov.br\/noticias\/wp-content\/uploads\/sites\/32\/2022\/02\/alteracao-transito_vila-hortolandia-7.jpg\" alt=\"\" class=\"wp-image-286353\" \/><figcaption>Trabalho vem para melhorar a fluidez no tr\u00e2nsito e seguran\u00e7a para motoristas<\/figcaption><\/figure>\n\n\n\n<p><strong>Mais \u2013<\/strong>\u00a0Durante o per\u00edodo de obras, o viaduto Hil\u00e1rio Caniato, que faz a liga\u00e7\u00e3o entre a Vila Hortol\u00e2ndia e Torres de S\u00e3o Jos\u00e9 ficar\u00e1 interditado. Os motoristas devem utilizar a rua Palmira Cervi B\u00e1rbaro para ingressar na rodovia Vereador Geraldo Dias (SP-332) e fazer o retorno na altura do Terminal Hortol\u00e2ndia. J\u00e1 quem trafega no sentido contr\u00e1rio dever\u00e1 pegar a avenida Dr. Manoel Ildefonso Archer de Castilho para acessar a Geraldo Dias. Quando a obra for conclu\u00edda, o viaduto Hil\u00e1rio Caniato voltar\u00e1 a ter o tr\u00e1fego de ve\u00edculos restabelecido nos dois sentidos.<\/p>\n\n\n\n<p>As modifica\u00e7\u00f5es no tr\u00e1fego foram discutidas previamente com a Unidade de Gest\u00e3o de Mobilidade e Transporte da Prefeitura de Jundia\u00ed. Toda a regi\u00e3o recebeu sinaliza\u00e7\u00e3o especial. As interven\u00e7\u00f5es t\u00eam aprova\u00e7\u00e3o da Artesp (Ag\u00eancia de Transportes do Estado de S\u00e3o Paulo).<\/p>\n\n\n\n<figure class=\"wp-block-image size-large\"><img loading=\"lazy\" decoding=\"async\" width=\"1200\" height=\"800\" src=\"https:\/\/tvtecjundiai.com.br\/news\/wp-content\/uploads\/sites\/2\/2022\/02\/alteracao-transito_vila-hortolandia-15-1200x800.jpg\" alt=\"\" class=\"wp-image-89048\" srcset=\"https:\/\/tvtecjundiai.com.br\/news\/wp-content\/uploads\/sites\/2\/2022\/02\/alteracao-transito_vila-hortolandia-15-1200x800.jpg 1200w, https:\/\/tvtecjundiai.com.br\/news\/wp-content\/uploads\/sites\/2\/2022\/02\/alteracao-transito_vila-hortolandia-15-300x200.jpg 300w, https:\/\/tvtecjundiai.com.br\/news\/wp-content\/uploads\/sites\/2\/2022\/02\/alteracao-transito_vila-hortolandia-15-768x512.jpg 768w, https:\/\/tvtecjundiai.com.br\/news\/wp-content\/uploads\/sites\/2\/2022\/02\/alteracao-transito_vila-hortolandia-15.jpg 1280w\" sizes=\"auto, (max-width: 1200px) 100vw, 1200px\" \/><figcaption>As modifica\u00e7\u00f5es no tr\u00e1fego foram discutidas previamente com a Unidade de Gest\u00e3o de Mobilidade e Transporte da Prefeitura de Jundia\u00ed.<\/figcaption><\/figure>\n\n\n\n<p><strong>Importante<\/strong>\u00a0\u2013 A Rota das Bandeiras divulga diariamente os pontos em obras nos perfis da Concession\u00e1ria no Twitter e Facebook, al\u00e9m do site www.rotadasbandeiras.com.br. Outra forma de os motoristas se manterem atualizados \u00e9 por meio do WhatsApp. Para receber as informa\u00e7\u00f5es, basta encaminhar uma mensagem para\u00a0<strong>11 93241-2578.<\/strong><\/p>\n\n\n\n<p>Em caso de d\u00favidas, os usu\u00e1rios tamb\u00e9m podem entrar em contato com o Servi\u00e7o de Atendimento ao Usu\u00e1rio (SAU), por meio do telefone\u00a0<strong>0800-770-8070<\/strong>. O servi\u00e7o \u00e9 gratuito e funciona 24 horas.<\/p>\n","protected":false},"excerpt":{"rendered":"<p>A partir deste domingo, a primeira al\u00e7a da Rod. .Geraldo Dias ficar\u00e1 fechada nos hor\u00e1rios de pico. <\/p>\n","protected":false},"author":17,"featured_media":89049,"comment_status":"closed","ping_status":"closed","sticky":false,"template":"","format":"standard","meta":{"footnotes":""},"categories":[8356,5697,1],"tags":[],"class_list":["post-89047","post","type-post","status-publish","format-standard","has-post-thumbnail","hentry","category-jundiai","category-mobilidade-noticias","category-noticias"],"_links":{"self":[{"href":"https:\/\/tvtecjundiai.com.br\/news\/wp-json\/wp\/v2\/posts\/89047","targetHints":{"allow":["GET"]}}],"collection":[{"href":"https:\/\/tvtecjundiai.com.br\/news\/wp-json\/wp\/v2\/posts"}],"about":[{"href":"https:\/\/tvtecjundiai.com.br\/news\/wp-json\/wp\/v2\/types\/post"}],"author":[{"embeddable":true,"href":"https:\/\/tvtecjundiai.com.br\/news\/wp-json\/wp\/v2\/users\/17"}],"replies":[{"embeddable":true,"href":"https:\/\/tvtecjundiai.com.br\/news\/wp-json\/wp\/v2\/comments?post=89047"}],"version-history":[{"count":1,"href":"https:\/\/tvtecjundiai.com.br\/news\/wp-json\/wp\/v2\/posts\/89047\/revisions"}],"predecessor-version":[{"id":89050,"href":"https:\/\/tvtecjundiai.com.br\/news\/wp-json\/wp\/v2\/posts\/89047\/revisions\/89050"}],"wp:featuredmedia":[{"embeddable":true,"href":"https:\/\/tvtecjundiai.com.br\/news\/wp-json\/wp\/v2\/media\/89049"}],"wp:attachment":[{"href":"https:\/\/tvtecjundiai.com.br\/news\/wp-json\/wp\/v2\/media?parent=89047"}],"wp:term":[{"taxonomy":"category","embeddable":true,"href":"https:\/\/tvtecjundiai.com.br\/news\/wp-json\/wp\/v2\/categories?post=89047"},{"taxonomy":"post_tag","embeddable":true,"href":"https:\/\/tvtecjundiai.com.br\/news\/wp-json\/wp\/v2\/tags?post=89047"}],"curies":[{"name":"wp","href":"https:\/\/api.w.org\/{rel}","templated":true}]}}