{"id":89054,"date":"2022-02-20T16:16:46","date_gmt":"2022-02-20T19:16:46","guid":{"rendered":"https:\/\/tvtecjundiai.com.br\/news\/?p=89054"},"modified":"2022-02-20T16:16:56","modified_gmt":"2022-02-20T19:16:56","slug":"fabrica-das-infancias-japy-fecha-para-manutencao-no-inicio-da-semana-e-reabre-nesta-quinta-24","status":"publish","type":"post","link":"https:\/\/tvtecjundiai.com.br\/news\/2022\/02\/20\/fabrica-das-infancias-japy-fecha-para-manutencao-no-inicio-da-semana-e-reabre-nesta-quinta-24\/","title":{"rendered":"F\u00e1brica das Inf\u00e2ncias Japy fecha para manuten\u00e7\u00e3o no in\u00edcio da semana e reabre nesta quinta (24)"},"content":{"rendered":"\n<p>A F\u00e1brica das Inf\u00e2ncias Japy passa, entre esta segunda (21) e a quarta-feira (23), por manuten\u00e7\u00e3o de rotina e, a fim de garantir a seguran\u00e7a das crian\u00e7as e demais frequentadores, permanece fechada para o p\u00fablico, reabrindo na quinta-feira (24), \u00e0s 9h.<\/p>\n\n\n\n<p>Instalada em parte do pr\u00e9dio que compunha a antiga Tecelagem Japy, na Vila Arens, a rec\u00e9m-inaugurada F\u00e1brica das Inf\u00e2ncias Japy \u00e9 um novo espa\u00e7o voltado para a experimenta\u00e7\u00e3o art\u00edstica, formativa, criativa e reflexiva sobre as brincadeiras e as inf\u00e2ncias. Sede do Comit\u00ea das Crian\u00e7as, a F\u00e1brica \u00e9 um espa\u00e7o pensado e concebido dentro das propostas do programa municipal Cidade das Crian\u00e7as, da Rede Urban95, do professor Francesco Tonucci, da Funda\u00e7\u00e3o Bernard Van Leer e do Instituto Alana.<\/p>\n\n\n\n<p>A F\u00e1brica das Inf\u00e2ncias Japy fica na rua Lacerda Franco, 175, Vila Arens. O hor\u00e1rio de funcionamento normal de segunda a sexta-feira \u00e9 das 9h \u00e0s 17h; e aos s\u00e1bados, domingos e feriados, das 9h \u00e0s 13h. A entrada de visitantes \u00e9 permitida at\u00e9 30 minutos antes do fechamento.<\/p>\n\n\n\n<figure class=\"wp-block-image\"><img decoding=\"async\" src=\"https:\/\/jundiai.sp.gov.br\/noticias\/wp-content\/uploads\/sites\/32\/2022\/02\/instagrimm_fabrica_das_infancias_japy-102.jpg\" alt=\"Menina de cabelos compridos e encaracolados presos, usando m\u00e1scara colorida com personagens de desenhos animados, como o Mickey e Pequena Sereia, sentada, com outras crian\u00e7as sentadas no ch\u00e3o, em sal\u00e3o amplo com pessoas em p\u00e9 ao fundo\" class=\"wp-image-286225\" \/><figcaption>Espa\u00e7o reabre nesta quinta (24), a partir das 9h<\/figcaption><\/figure>\n\n\n\n<p><em>(Fonte\/Imagem: Prefeitura de Jundia\u00ed)<\/em><\/p>\n","protected":false},"excerpt":{"rendered":"<p>Espa\u00e7o foi pensado e concebido dentro das propostas do programa municipal Cidade das Crian\u00e7as<\/p>\n","protected":false},"author":17,"featured_media":89055,"comment_status":"closed","ping_status":"closed","sticky":false,"template":"","format":"standard","meta":{"footnotes":""},"categories":[8356,1],"tags":[],"class_list":["post-89054","post","type-post","status-publish","format-standard","has-post-thumbnail","hentry","category-jundiai","category-noticias"],"_links":{"self":[{"href":"https:\/\/tvtecjundiai.com.br\/news\/wp-json\/wp\/v2\/posts\/89054","targetHints":{"allow":["GET"]}}],"collection":[{"href":"https:\/\/tvtecjundiai.com.br\/news\/wp-json\/wp\/v2\/posts"}],"about":[{"href":"https:\/\/tvtecjundiai.com.br\/news\/wp-json\/wp\/v2\/types\/post"}],"author":[{"embeddable":true,"href":"https:\/\/tvtecjundiai.com.br\/news\/wp-json\/wp\/v2\/users\/17"}],"replies":[{"embeddable":true,"href":"https:\/\/tvtecjundiai.com.br\/news\/wp-json\/wp\/v2\/comments?post=89054"}],"version-history":[{"count":1,"href":"https:\/\/tvtecjundiai.com.br\/news\/wp-json\/wp\/v2\/posts\/89054\/revisions"}],"predecessor-version":[{"id":89056,"href":"https:\/\/tvtecjundiai.com.br\/news\/wp-json\/wp\/v2\/posts\/89054\/revisions\/89056"}],"wp:featuredmedia":[{"embeddable":true,"href":"https:\/\/tvtecjundiai.com.br\/news\/wp-json\/wp\/v2\/media\/89055"}],"wp:attachment":[{"href":"https:\/\/tvtecjundiai.com.br\/news\/wp-json\/wp\/v2\/media?parent=89054"}],"wp:term":[{"taxonomy":"category","embeddable":true,"href":"https:\/\/tvtecjundiai.com.br\/news\/wp-json\/wp\/v2\/categories?post=89054"},{"taxonomy":"post_tag","embeddable":true,"href":"https:\/\/tvtecjundiai.com.br\/news\/wp-json\/wp\/v2\/tags?post=89054"}],"curies":[{"name":"wp","href":"https:\/\/api.w.org\/{rel}","templated":true}]}}