{"id":89060,"date":"2022-02-21T08:50:42","date_gmt":"2022-02-21T11:50:42","guid":{"rendered":"https:\/\/tvtecjundiai.com.br\/news\/?p=89060"},"modified":"2022-02-21T09:30:40","modified_gmt":"2022-02-21T12:30:40","slug":"exposicao-o-tempo-nao-para-fica-na-biblioteca-municipal-ate-o-dia-10-de-marco","status":"publish","type":"post","link":"https:\/\/tvtecjundiai.com.br\/news\/2022\/02\/21\/exposicao-o-tempo-nao-para-fica-na-biblioteca-municipal-ate-o-dia-10-de-marco\/","title":{"rendered":"Exposi\u00e7\u00e3o \u2018O Tempo n\u00e3o para\u2019 na Biblioteca marca os 40 anos de luta contra a AIDS"},"content":{"rendered":"\n<p>A mostra \u201cO Tempo n\u00e3o para \u2013 40 anos de hist\u00f3ria da AIDS\u201d estendeu o seu per\u00edodo de exposi\u00e7\u00e3o na Biblioteca Municipal Professor Nelson Foot e fica dispon\u00edvel para visita\u00e7\u00e3o gratuita at\u00e9 o dia 10 de mar\u00e7o.<\/p>\n\n\n\n<p><strong><a rel=\"noreferrer noopener\" href=\"https:\/\/cultura.jundiai.sp.gov.br\/exposicoes\/o-tempo-nao-para-40-anos-de-historia-da-aids\/\" target=\"_blank\">Confira as fotos da exposi\u00e7\u00e3o.<\/a><\/strong><\/p>\n\n\n\n<p>Numa idealiza\u00e7\u00e3o do Centro de Testagem e Aconselhamento (CTA) e do Ambulat\u00f3rio de Mol\u00e9stias Infectocontagiosas (AMI), equipamentos da Unidade de Gest\u00e3o de Promo\u00e7\u00e3o da Sa\u00fade (UGPS), a exposi\u00e7\u00e3o traz fotos, material educativo, colchas de retalhos e uma linha hist\u00f3rica sobre a doen\u00e7a. O nome da exposi\u00e7\u00e3o \u00e9 uma refer\u00eancia e uma homenagem ao t\u00edtulo de uma famosa can\u00e7\u00e3o na voz de Cazuza, s\u00edmbolo do enfrentamento do medo e preconceito contra a doen\u00e7a.<\/p>\n\n\n\n<div class=\"wp-block-image\"><figure class=\"aligncenter size-large is-resized\"><img loading=\"lazy\" decoding=\"async\" src=\"https:\/\/tvtecjundiai.com.br\/news\/wp-content\/uploads\/sites\/2\/2022\/02\/exposicao_o-tempo-nao-para-211-1200x800.jpg\" alt=\"\" class=\"wp-image-89061\" width=\"788\" height=\"525\" srcset=\"https:\/\/tvtecjundiai.com.br\/news\/wp-content\/uploads\/sites\/2\/2022\/02\/exposicao_o-tempo-nao-para-211-1200x800.jpg 1200w, https:\/\/tvtecjundiai.com.br\/news\/wp-content\/uploads\/sites\/2\/2022\/02\/exposicao_o-tempo-nao-para-211-300x200.jpg 300w, https:\/\/tvtecjundiai.com.br\/news\/wp-content\/uploads\/sites\/2\/2022\/02\/exposicao_o-tempo-nao-para-211-768x512.jpg 768w, https:\/\/tvtecjundiai.com.br\/news\/wp-content\/uploads\/sites\/2\/2022\/02\/exposicao_o-tempo-nao-para-211.jpg 1280w\" sizes=\"auto, (max-width: 788px) 100vw, 788px\" \/><figcaption>Exposi\u00e7\u00e3o com fotos, material educativo e colchas de retalhos segue com visita\u00e7\u00e3o gratuita at\u00e9 o dia 10 de mar\u00e7o<\/figcaption><\/figure><\/div>\n\n\n\n<p>Para o encerramento, tamb\u00e9m ser\u00e1 realizado o \u201cEncontro \u2013 O Tempo n\u00e3o para\u201d, no dia 10 de mar\u00e7o (quinta-feira), \u00e0s 18h, com o intuito de relembrar a trajet\u00f3ria local da luta contra a AIDS, celebrar os avan\u00e7os e conquistas e refletir sobre os desafios atuais para a assist\u00eancia e preven\u00e7\u00e3o \u00e0 doen\u00e7a.&nbsp;<\/p>\n\n\n\n<p>Al\u00e9m das autoridades, representantes da sociedade civil, institui\u00e7\u00f5es parceiras, profissionais de sa\u00fade e usu\u00e1rios, est\u00e3o previstas, para a realiza\u00e7\u00e3o de apresenta\u00e7\u00f5es culturais, Karol Della Lastra, Coral Afro Griot e Cia. Paulista de Artes.<\/p>\n\n\n\n<p>Tamb\u00e9m ser\u00e1 lan\u00e7ado na ocasi\u00e3o o projeto \u201cHist\u00f3rias Vividas \u2013 A luta contra a AIDS em Jundia\u00ed\u201d, que objetiva resgatar a hist\u00f3ria local, as mem\u00f3rias dos profissionais, usu\u00e1rios e familiares e registr\u00e1-las em document\u00e1rio produzido pela UGPS e pela Unidade de Gest\u00e3o de Cultura (UGC).<\/p>\n\n\n\n<p>\u201cO Tempo n\u00e3o para\u201d pode ser conferida no espa\u00e7o de exposi\u00e7\u00f5es S\u00f4nia Cintra. A Biblioteca Municipal fica avenida Dr. Cavalcanti, 396, Complexo Argos, e fica aberta de segunda a sexta-feira, das 8h30 \u00e0s 17h30. Mais informa\u00e7\u00f5es pelo telefone (11) 4527-2110.<\/p>\n\n\n\n<p><em><strong>(Fonte\/Imagem: Prefeitura de Jundia\u00ed)<\/strong><\/em><\/p>\n","protected":false},"excerpt":{"rendered":"<p>Nome da exposi\u00e7\u00e3o \u00e9 uma homenagem ao t\u00edtulo da famosa can\u00e7\u00e3o na voz de Cazuza<\/p>\n","protected":false},"author":30,"featured_media":89061,"comment_status":"closed","ping_status":"closed","sticky":false,"template":"","format":"standard","meta":{"footnotes":""},"categories":[2833,8356,8354,1],"tags":[],"class_list":["post-89060","post","type-post","status-publish","format-standard","has-post-thumbnail","hentry","category-cultura","category-jundiai","category-lazer","category-noticias"],"_links":{"self":[{"href":"https:\/\/tvtecjundiai.com.br\/news\/wp-json\/wp\/v2\/posts\/89060","targetHints":{"allow":["GET"]}}],"collection":[{"href":"https:\/\/tvtecjundiai.com.br\/news\/wp-json\/wp\/v2\/posts"}],"about":[{"href":"https:\/\/tvtecjundiai.com.br\/news\/wp-json\/wp\/v2\/types\/post"}],"author":[{"embeddable":true,"href":"https:\/\/tvtecjundiai.com.br\/news\/wp-json\/wp\/v2\/users\/30"}],"replies":[{"embeddable":true,"href":"https:\/\/tvtecjundiai.com.br\/news\/wp-json\/wp\/v2\/comments?post=89060"}],"version-history":[{"count":2,"href":"https:\/\/tvtecjundiai.com.br\/news\/wp-json\/wp\/v2\/posts\/89060\/revisions"}],"predecessor-version":[{"id":89067,"href":"https:\/\/tvtecjundiai.com.br\/news\/wp-json\/wp\/v2\/posts\/89060\/revisions\/89067"}],"wp:featuredmedia":[{"embeddable":true,"href":"https:\/\/tvtecjundiai.com.br\/news\/wp-json\/wp\/v2\/media\/89061"}],"wp:attachment":[{"href":"https:\/\/tvtecjundiai.com.br\/news\/wp-json\/wp\/v2\/media?parent=89060"}],"wp:term":[{"taxonomy":"category","embeddable":true,"href":"https:\/\/tvtecjundiai.com.br\/news\/wp-json\/wp\/v2\/categories?post=89060"},{"taxonomy":"post_tag","embeddable":true,"href":"https:\/\/tvtecjundiai.com.br\/news\/wp-json\/wp\/v2\/tags?post=89060"}],"curies":[{"name":"wp","href":"https:\/\/api.w.org\/{rel}","templated":true}]}}