{"id":8909,"date":"2018-04-17T10:56:53","date_gmt":"2018-04-17T13:56:53","guid":{"rendered":"https:\/\/tvtecjundiai.com.br\/news\/?p=8909"},"modified":"2018-04-17T10:57:07","modified_gmt":"2018-04-17T13:57:07","slug":"jundiai-recebe-r-44-mi-em-emendas-para-saude","status":"publish","type":"post","link":"https:\/\/tvtecjundiai.com.br\/news\/2018\/04\/17\/jundiai-recebe-r-44-mi-em-emendas-para-saude\/","title":{"rendered":"Jundia\u00ed recebe R$ 4,4 mi em emendas para Sa\u00fade"},"content":{"rendered":"<div id=\"attachment_8911\" style=\"width: 410px\" class=\"wp-caption alignright\"><a href=\"https:\/\/tvtecjundiai.com.br\/news\/wp-content\/uploads\/sites\/2\/2018\/04\/ubs-vilarami-1.jpg\"><img loading=\"lazy\" decoding=\"async\" aria-describedby=\"caption-attachment-8911\" class=\"wp-image-8911\" src=\"https:\/\/tvtecjundiai.com.br\/news\/wp-content\/uploads\/sites\/2\/2018\/04\/ubs-vilarami-1-300x247.jpg\" alt=\"\" width=\"400\" height=\"329\" srcset=\"https:\/\/tvtecjundiai.com.br\/news\/wp-content\/uploads\/sites\/2\/2018\/04\/ubs-vilarami-1-300x247.jpg 300w, https:\/\/tvtecjundiai.com.br\/news\/wp-content\/uploads\/sites\/2\/2018\/04\/ubs-vilarami-1-768x631.jpg 768w, https:\/\/tvtecjundiai.com.br\/news\/wp-content\/uploads\/sites\/2\/2018\/04\/ubs-vilarami-1-1168x960.jpg 1168w, https:\/\/tvtecjundiai.com.br\/news\/wp-content\/uploads\/sites\/2\/2018\/04\/ubs-vilarami-1.jpg 1240w\" sizes=\"auto, (max-width: 400px) 100vw, 400px\" \/><\/a><p id=\"caption-attachment-8911\" class=\"wp-caption-text\">Emendas liberadas s\u00e3o utilizadas na qualifica\u00e7\u00e3o dos servi\u00e7os de sa\u00fade<\/p><\/div>\n<p>Para garantir a qualifica\u00e7\u00e3o dos servi\u00e7os em sa\u00fade de Jundia\u00ed, a administra\u00e7\u00e3o municipal tem buscado recursos externos. Em 16 meses de gest\u00e3o, o montante conseguido a partir de destina\u00e7\u00e3o de emendas parlamentares \u00e9 de R$ 4.406.136. O valor representa 93% do que foi conseguido nos quatro anos anteriores (R$ 4.734.286,24). Somente em 2018 s\u00e3o R$ 2.036.136 destinados para custeio do Hospital S\u00e3o Vicente de Paulo e aquisi\u00e7\u00e3o de pr\u00f3teses e \u00f3rteses, al\u00e9m de investimentos na informatiza\u00e7\u00e3o das Unidades B\u00e1sicas de Sa\u00fade (UBSs) de forma a prepar\u00e1-las para a implanta\u00e7\u00e3o do prontu\u00e1rio eletr\u00f4nico.<\/p>\n<p>De acordo com o gestor da Unidade de Gest\u00e3o de Promo\u00e7\u00e3o da Sa\u00fade (UGPS), Tiago Texera, os recursos s\u00e3o resultado de trabalho da administra\u00e7\u00e3o municipal. \u201cCom a queda na arrecada\u00e7\u00e3o e o impacto gerado no or\u00e7amento, as emendas parlamentares garantem os investimentos de alto impacto na rede. Os equipamentos de inform\u00e1tica comprados para suprir a necessidade das UBSs para a implanta\u00e7\u00e3o do prontu\u00e1rio eletr\u00f4nico s\u00e3o essenciais para a qualifica\u00e7\u00e3o dos servi\u00e7os\u201d, detalha.<\/p>\n<p>J\u00e1 foram instalados 170 computadores, al\u00e9m de switchs e nobreaks, que atendem a 50% das necessidades das 36 UBSs. No segundo semestre chegar\u00e3o os demais 132 microcomputadores destinados para as salas de consultas. O desenvolvimento do software por parte da Cijun est\u00e1 avan\u00e7ado, assim como o trabalho para a implanta\u00e7\u00e3o da rede de fibra \u00f3tica para a internet de alta velocidade \u2013 que atender\u00e1 n\u00e3o somente UBSs como os demais \u00f3rg\u00e3os p\u00fablicos\u201d, comenta o gestor.<\/p>\n<p>At\u00e9 o momento, neste ano, s\u00e3o seis emendas parlamentares encaminhadas e aprovadas para a cidade. Tr\u00eas delas do deputado federal Miguel Haddad (R$ 1,2 milh\u00e3o \u2013 Incremento Teto MAC; R$ 216.136 e R$ 220 mil para aquisi\u00e7\u00e3o de equipamentos para a Rede de Aten\u00e7\u00e3o Psicossocial). O deputado federal Paulo Freire destinou R$ 100 mil. Outros R$ 200 mil chegaram pelo encaminhamento do deputado federal Paulo Pereira da Silva. Pelo Estado, o deputado Coronel Telhada destinou R$ 100 mil para a aquisi\u00e7\u00e3o de \u00f3rteses, pr\u00f3teses e meios de locomo\u00e7\u00e3o para o N\u00facleo de Assist\u00eancia \u00e0 Pessoa com Defici\u00eancia.<\/p>\n","protected":false},"excerpt":{"rendered":"<p>Montante foi conseguido em apenas 16 meses de gest\u00e3o<\/p>\n","protected":false},"author":10,"featured_media":0,"comment_status":"closed","ping_status":"closed","sticky":false,"template":"","format":"standard","meta":{"footnotes":""},"categories":[1,2839],"tags":[5,6,15,1154],"class_list":["post-8909","post","type-post","status-publish","format-standard","hentry","category-noticias","category-saude","tag-jundiai","tag-saude","tag-tvtec","tag-verba"],"_links":{"self":[{"href":"https:\/\/tvtecjundiai.com.br\/news\/wp-json\/wp\/v2\/posts\/8909","targetHints":{"allow":["GET"]}}],"collection":[{"href":"https:\/\/tvtecjundiai.com.br\/news\/wp-json\/wp\/v2\/posts"}],"about":[{"href":"https:\/\/tvtecjundiai.com.br\/news\/wp-json\/wp\/v2\/types\/post"}],"author":[{"embeddable":true,"href":"https:\/\/tvtecjundiai.com.br\/news\/wp-json\/wp\/v2\/users\/10"}],"replies":[{"embeddable":true,"href":"https:\/\/tvtecjundiai.com.br\/news\/wp-json\/wp\/v2\/comments?post=8909"}],"version-history":[{"count":2,"href":"https:\/\/tvtecjundiai.com.br\/news\/wp-json\/wp\/v2\/posts\/8909\/revisions"}],"predecessor-version":[{"id":8913,"href":"https:\/\/tvtecjundiai.com.br\/news\/wp-json\/wp\/v2\/posts\/8909\/revisions\/8913"}],"wp:attachment":[{"href":"https:\/\/tvtecjundiai.com.br\/news\/wp-json\/wp\/v2\/media?parent=8909"}],"wp:term":[{"taxonomy":"category","embeddable":true,"href":"https:\/\/tvtecjundiai.com.br\/news\/wp-json\/wp\/v2\/categories?post=8909"},{"taxonomy":"post_tag","embeddable":true,"href":"https:\/\/tvtecjundiai.com.br\/news\/wp-json\/wp\/v2\/tags?post=8909"}],"curies":[{"name":"wp","href":"https:\/\/api.w.org\/{rel}","templated":true}]}}