{"id":89143,"date":"2022-02-22T10:03:29","date_gmt":"2022-02-22T13:03:29","guid":{"rendered":"https:\/\/tvtecjundiai.com.br\/news\/?p=89143"},"modified":"2022-02-22T10:03:55","modified_gmt":"2022-02-22T13:03:55","slug":"nesta-quinta-24-tem-musica-historias-no-polytheama-com-o-tema-musica-dos-festivais","status":"publish","type":"post","link":"https:\/\/tvtecjundiai.com.br\/news\/2022\/02\/22\/nesta-quinta-24-tem-musica-historias-no-polytheama-com-o-tema-musica-dos-festivais\/","title":{"rendered":"Nesta quinta (24) tem \u2018M\u00fasica &amp; Hist\u00f3rias\u2019 no Polytheama com o tema \u2018M\u00fasica dos Festivais\u2019"},"content":{"rendered":"\n<p>Nesta quinta-feira (24), a partir das 19h30, a Unidade de Gest\u00e3o de Cultura (UGC) realiza a sexta edi\u00e7\u00e3o do \u201cM\u00fasica &amp; Hist\u00f3rias\u201d no Teatro Polytheama. Com tema \u201cM\u00fasica dos Festivais dos anos 60, 70 e 80, esta edi\u00e7\u00e3o do programa leva at\u00e9 o palco do teatro cantores, bailarinos e atores da regi\u00e3o para interpretar e relembrar os cl\u00e1ssicos da M\u00fasica Popular Brasileira (MPB), deste, que foi um dos per\u00edodos de maior florescimento cultural no Pa\u00eds.<\/p>\n\n\n\n<p>&nbsp;\u201cO \u2018M\u00fasica &amp; Hist\u00f3rias\u2019 foi lan\u00e7ado no ano passado, com a reabertura gradual dos espa\u00e7os culturais, como forma de incentivar a popula\u00e7\u00e3o a voltar a frequentar o Polytheama e de criar novos espa\u00e7os de divulga\u00e7\u00e3o do trabalho da classe art\u00edstica local. Sempre com edi\u00e7\u00f5es tem\u00e1ticas, j\u00e1 pudemos celebrar o Patrim\u00f4nio Hist\u00f3rico no evento de abertura, as m\u00fasicas regionais brasileiras, al\u00e9m do especial \u2018Crian\u00e7as em F\u00e9rias \u00e9 no Poly\u2019 no m\u00eas passado. Contamos novamente com a ades\u00e3o de todos em mais esta realiza\u00e7\u00e3o, que promete muita anima\u00e7\u00e3o e muita qualidade\u201d, comentou o diretor do Departamento de Cultura da UGC, Jo\u00e3o Carlos De Luca.<\/p>\n\n\n\n<figure class=\"wp-block-image\"><img decoding=\"async\" src=\"https:\/\/jundiai.sp.gov.br\/noticias\/wp-content\/uploads\/sites\/32\/2022\/02\/musicahistorias_2.jpg\" alt=\"\" class=\"wp-image-286467\" \/><figcaption>\u201cM\u00fasica &amp; Hist\u00f3rias\u201d conta com edi\u00e7\u00f5es mensais tem\u00e1ticas no Teatro Polytheama<\/figcaption><\/figure>\n\n\n\n<p>Os cl\u00e1ssicos musicais da noite ser\u00e3o apresentados por Telma Costa (voz e viol\u00e3o), Marcola (percuss\u00e3o), Thiago Louren\u00e7o (piano e teclado), \u00c9der Dias (contrabaixo), Cassiano Sim\u00f5es Marques Ferreira (bateria) e Beto Brim (viol\u00e3o).<\/p>\n\n\n\n<p>J\u00e1 a apresenta\u00e7\u00e3o teatral ficar\u00e1 por conta de Ellen Navarro, que \u00e9 atriz, performer, palha\u00e7a e bailarina, e com Vladimir Camargo, que \u00e9 tamb\u00e9m ator, produtor e diretor c\u00eanico.<\/p>\n\n\n\n<p>A dan\u00e7a ser\u00e1 proposta pelo Studio Anita Grossi, que ir\u00e1 apresentar um duo de cria\u00e7\u00e3o da core\u00f3grafa Anita que mostra os conflitos emocionais a que o indiv\u00edduo se sujeita quando se relaciona com algu\u00e9m.<\/p>\n\n\n\n<figure class=\"wp-block-image\"><a href=\"https:\/\/jundiai.sp.gov.br\/noticias\/wp-content\/uploads\/sites\/32\/2022\/02\/foto-musicos.jpeg\"><img decoding=\"async\" src=\"https:\/\/jundiai.sp.gov.br\/noticias\/wp-content\/uploads\/sites\/32\/2022\/02\/foto-musicos.jpeg\" alt=\"\" class=\"wp-image-286464\" \/><\/a><\/figure>\n\n\n\n<p>Os ingressos gratuitos para o espet\u00e1culo ficar\u00e3o dispon\u00edveis a partir das 10h30 desta ter\u00e7a-feira (22), tanto na bilheteria do teatro e pela&nbsp;<a href=\"https:\/\/www.sympla.com.br\/\" target=\"_blank\" rel=\"noreferrer noopener\">plataforma Sympla<\/a>. Cada interessado poder\u00e1 retirar at\u00e9 dois ingressos.<\/p>\n\n\n\n<p>O Teatro Polytheama fica na rua Bar\u00e3o de Jundia\u00ed, 176, Centro. Mais informa\u00e7\u00f5es pelo telefone (11) 4586-2472.<\/p>\n\n\n\n<p><em><strong>(Fonte: Prefeitura de Jundia\u00ed\/Imagem: Divulga\u00e7\u00e3o)<\/strong><\/em><\/p>\n","protected":false},"excerpt":{"rendered":"<p>Os ingressos gratuitos para o espet\u00e1culo ficar\u00e3o dispon\u00edveis a partir das 10h30 desta ter\u00e7a-feira (22).<\/p>\n","protected":false},"author":27,"featured_media":89146,"comment_status":"closed","ping_status":"closed","sticky":false,"template":"","format":"standard","meta":{"footnotes":""},"categories":[2833,3076,8356,8354],"tags":[],"class_list":["post-89143","post","type-post","status-publish","format-standard","has-post-thumbnail","hentry","category-cultura","category-entretenimento","category-jundiai","category-lazer"],"_links":{"self":[{"href":"https:\/\/tvtecjundiai.com.br\/news\/wp-json\/wp\/v2\/posts\/89143","targetHints":{"allow":["GET"]}}],"collection":[{"href":"https:\/\/tvtecjundiai.com.br\/news\/wp-json\/wp\/v2\/posts"}],"about":[{"href":"https:\/\/tvtecjundiai.com.br\/news\/wp-json\/wp\/v2\/types\/post"}],"author":[{"embeddable":true,"href":"https:\/\/tvtecjundiai.com.br\/news\/wp-json\/wp\/v2\/users\/27"}],"replies":[{"embeddable":true,"href":"https:\/\/tvtecjundiai.com.br\/news\/wp-json\/wp\/v2\/comments?post=89143"}],"version-history":[{"count":1,"href":"https:\/\/tvtecjundiai.com.br\/news\/wp-json\/wp\/v2\/posts\/89143\/revisions"}],"predecessor-version":[{"id":89147,"href":"https:\/\/tvtecjundiai.com.br\/news\/wp-json\/wp\/v2\/posts\/89143\/revisions\/89147"}],"wp:featuredmedia":[{"embeddable":true,"href":"https:\/\/tvtecjundiai.com.br\/news\/wp-json\/wp\/v2\/media\/89146"}],"wp:attachment":[{"href":"https:\/\/tvtecjundiai.com.br\/news\/wp-json\/wp\/v2\/media?parent=89143"}],"wp:term":[{"taxonomy":"category","embeddable":true,"href":"https:\/\/tvtecjundiai.com.br\/news\/wp-json\/wp\/v2\/categories?post=89143"},{"taxonomy":"post_tag","embeddable":true,"href":"https:\/\/tvtecjundiai.com.br\/news\/wp-json\/wp\/v2\/tags?post=89143"}],"curies":[{"name":"wp","href":"https:\/\/api.w.org\/{rel}","templated":true}]}}