{"id":89214,"date":"2022-02-23T10:24:42","date_gmt":"2022-02-23T13:24:42","guid":{"rendered":"https:\/\/tvtecjundiai.com.br\/news\/?p=89214"},"modified":"2022-02-23T10:25:59","modified_gmt":"2022-02-23T13:25:59","slug":"dia-28-acontece-primeiro-encontro-de-gestantes-de-2022-em-jundiai","status":"publish","type":"post","link":"https:\/\/tvtecjundiai.com.br\/news\/2022\/02\/23\/dia-28-acontece-primeiro-encontro-de-gestantes-de-2022-em-jundiai\/","title":{"rendered":"Primeiro Encontro de Gestantes de 2022 em Jundia\u00ed acontece dia 28 de fevereiro"},"content":{"rendered":"\n<p>O Banco de Leite de Jundia\u00ed realiza seu primeiro Encontro de Gestantes de 2022 no pr\u00f3ximo dia 28 de fevereiro no anfiteatro do Hospital Universit\u00e1rio.<\/p>\n\n\n\n<p>A programa\u00e7\u00e3o \u00e9 organizada pensando na prepara\u00e7\u00e3o da mulher e da fam\u00edlia para este momento de mudan\u00e7as e transforma\u00e7\u00f5es f\u00edsicas e comportamentais. O per\u00edodo gestacional \u00e9 muito peculiar na vida de uma mulher, e o nascimento do filho \u00e9 uma experi\u00eancia \u00fanica, que merece ser tratado de forma singular e com a prepara\u00e7\u00e3o adequada.<\/p>\n\n\n\n<div class=\"wp-block-image\"><figure class=\"aligncenter size-full is-resized\"><img loading=\"lazy\" decoding=\"async\" src=\"https:\/\/tvtecjundiai.com.br\/news\/wp-content\/uploads\/sites\/2\/2022\/02\/WhatsApp-Image-2021-11-22-at-15.36.07-1.jpeg\" alt=\"\" class=\"wp-image-89215\" width=\"716\" height=\"537\" srcset=\"https:\/\/tvtecjundiai.com.br\/news\/wp-content\/uploads\/sites\/2\/2022\/02\/WhatsApp-Image-2021-11-22-at-15.36.07-1.jpeg 1040w, https:\/\/tvtecjundiai.com.br\/news\/wp-content\/uploads\/sites\/2\/2022\/02\/WhatsApp-Image-2021-11-22-at-15.36.07-1-300x225.jpeg 300w, https:\/\/tvtecjundiai.com.br\/news\/wp-content\/uploads\/sites\/2\/2022\/02\/WhatsApp-Image-2021-11-22-at-15.36.07-1-768x576.jpeg 768w\" sizes=\"auto, (max-width: 716px) 100vw, 716px\" \/><\/figure><\/div>\n\n\n\n<p>As gestantes tamb\u00e9m podem fazer perguntas e tirar todas as suas d\u00favidas com os profissionais de sa\u00fade. Al\u00e9m disso, nestas ocasi\u00f5es tamb\u00e9m \u00e9 poss\u00edvel conhecer as instala\u00e7\u00f5es do hospital e principalmente da maternidade.<\/p>\n\n\n\n<p>Os interessados em participar devem fazer as inscri\u00e7\u00f5es atrav\u00e9s do 08000178155, das 7h \u00e0s 16h. Os encontros s\u00e3o quinzenais.<\/p>\n\n\n\n<p>Vale ressaltar que s\u00f3 ser\u00e1 permitida a entrada com m\u00e1scara.<\/p>\n\n\n\n<p><em><strong>(Fonte\/Imagem: Assessoria Hospital Universit\u00e1rio)<\/strong><\/em><\/p>\n","protected":false},"excerpt":{"rendered":"<p>A\u00e7\u00e3o \u00e9 organizada pensando na prepara\u00e7\u00e3o da fam\u00edlia para a chegada do beb\u00ea<\/p>\n","protected":false},"author":30,"featured_media":89215,"comment_status":"closed","ping_status":"closed","sticky":false,"template":"","format":"standard","meta":{"footnotes":""},"categories":[8356,1],"tags":[],"class_list":["post-89214","post","type-post","status-publish","format-standard","has-post-thumbnail","hentry","category-jundiai","category-noticias"],"_links":{"self":[{"href":"https:\/\/tvtecjundiai.com.br\/news\/wp-json\/wp\/v2\/posts\/89214","targetHints":{"allow":["GET"]}}],"collection":[{"href":"https:\/\/tvtecjundiai.com.br\/news\/wp-json\/wp\/v2\/posts"}],"about":[{"href":"https:\/\/tvtecjundiai.com.br\/news\/wp-json\/wp\/v2\/types\/post"}],"author":[{"embeddable":true,"href":"https:\/\/tvtecjundiai.com.br\/news\/wp-json\/wp\/v2\/users\/30"}],"replies":[{"embeddable":true,"href":"https:\/\/tvtecjundiai.com.br\/news\/wp-json\/wp\/v2\/comments?post=89214"}],"version-history":[{"count":2,"href":"https:\/\/tvtecjundiai.com.br\/news\/wp-json\/wp\/v2\/posts\/89214\/revisions"}],"predecessor-version":[{"id":89218,"href":"https:\/\/tvtecjundiai.com.br\/news\/wp-json\/wp\/v2\/posts\/89214\/revisions\/89218"}],"wp:featuredmedia":[{"embeddable":true,"href":"https:\/\/tvtecjundiai.com.br\/news\/wp-json\/wp\/v2\/media\/89215"}],"wp:attachment":[{"href":"https:\/\/tvtecjundiai.com.br\/news\/wp-json\/wp\/v2\/media?parent=89214"}],"wp:term":[{"taxonomy":"category","embeddable":true,"href":"https:\/\/tvtecjundiai.com.br\/news\/wp-json\/wp\/v2\/categories?post=89214"},{"taxonomy":"post_tag","embeddable":true,"href":"https:\/\/tvtecjundiai.com.br\/news\/wp-json\/wp\/v2\/tags?post=89214"}],"curies":[{"name":"wp","href":"https:\/\/api.w.org\/{rel}","templated":true}]}}