{"id":89246,"date":"2022-02-23T14:04:22","date_gmt":"2022-02-23T17:04:22","guid":{"rendered":"https:\/\/tvtecjundiai.com.br\/news\/?p=89246"},"modified":"2022-02-23T14:04:23","modified_gmt":"2022-02-23T17:04:23","slug":"livro-de-projeto-escolar-de-jundiai-participa-de-clube-de-assinaturas","status":"publish","type":"post","link":"https:\/\/tvtecjundiai.com.br\/news\/2022\/02\/23\/livro-de-projeto-escolar-de-jundiai-participa-de-clube-de-assinaturas\/","title":{"rendered":"Livro de projeto escolar de Jundia\u00ed participa de clube de assinaturas"},"content":{"rendered":"\n<p>\u201cEstimulou a criatividade da minha filha\u201d, foi como a m\u00e3e da Ana Lua, Ana Paula de Lara Carvalho, descreveu um dos resultados do projeto \u201cComidinhas com Elementos da Natureza\u201d, realizado na EMEB Prof\u00aa Aparecida Bernardi do Amaral. Resultados que poder\u00e3o ser levados para diversos outros alunos pela Di\u00e1logos Embalados, o clube de assinaturas que distribuir\u00e1 o conte\u00fado para diversos educadores do pa\u00eds.<\/p>\n\n\n\n<p>\u201cA coordenadora Selma me prop\u00f4s uma a\u00e7\u00e3o diferenciada com o envolvimento de elementos da natureza para realizarmos com as crian\u00e7as e me encantei logo no in\u00edcio, ainda mais quando come\u00e7amos a sentir os resultados que proporcionamos para as crian\u00e7as durante o processo, foi inexplic\u00e1vel. O projeto me transformou como professora tamb\u00e9m\u201d, comentou Regiane Tar\u00edcio, professora do grupo 5 B.<\/p>\n\n\n\n<div class=\"wp-block-image\"><figure class=\"aligncenter size-large is-resized\"><img loading=\"lazy\" decoding=\"async\" src=\"https:\/\/tvtecjundiai.com.br\/news\/wp-content\/uploads\/sites\/2\/2022\/02\/img_2202-1200x899.jpg\" alt=\"\" class=\"wp-image-89247\" width=\"779\" height=\"583\" srcset=\"https:\/\/tvtecjundiai.com.br\/news\/wp-content\/uploads\/sites\/2\/2022\/02\/img_2202-1200x899.jpg 1200w, https:\/\/tvtecjundiai.com.br\/news\/wp-content\/uploads\/sites\/2\/2022\/02\/img_2202-300x225.jpg 300w, https:\/\/tvtecjundiai.com.br\/news\/wp-content\/uploads\/sites\/2\/2022\/02\/img_2202-768x575.jpg 768w, https:\/\/tvtecjundiai.com.br\/news\/wp-content\/uploads\/sites\/2\/2022\/02\/img_2202.jpg 1280w\" sizes=\"auto, (max-width: 779px) 100vw, 779px\" \/><figcaption>Exposi\u00e7\u00e3o do livro \u201cComidinhas com Elementos da Natureza\u201d<\/figcaption><\/figure><\/div>\n\n\n\n<p>O projeto foi desenvolvido no ano letivo de 2021 com a turma da professora Regiane. A\u00e7\u00e3o que proporcionou momentos \u00fanicos e especiais para os pequenos em meio \u00e0 natureza. Eles puderam produzir e escrever os nomes das receitas escolhidas, explorar os ambientes da escola e procurar diversos elementos, como gravetos e folhas.<\/p>\n\n\n\n<p>\u201cA participa\u00e7\u00e3o na Di\u00e1logos \u00e9 importante para veicular os projetos das unidades escolares e o programa Escola Inovadora, a fim de confirmar os prop\u00f3sitos pedag\u00f3gicos. Al\u00e9m de compartilhar e socializar as boas a\u00e7\u00f5es dos educadores com as demais escolas de Jundia\u00ed e regi\u00e3o. \u00c9 mais uma conquista para a nossa educa\u00e7\u00e3o\u201d, comentou a gestora de Educa\u00e7\u00e3o, Vast\u00ed Ferrari Marques.<\/p>\n\n\n\n<p>Como finaliza\u00e7\u00e3o da a\u00e7\u00e3o, a escola reuniu as atividades dos pequenos em um livro que participar\u00e1 do clube de assinaturas Di\u00e1logos Embalados. A empresa apresenta como miss\u00e3o contribuir na forma\u00e7\u00e3o de professores, promover a troca de experi\u00eancias, compartilhar saberes e estabelecer um di\u00e1logo transformador para a qualidade de a\u00e7\u00f5es pedag\u00f3gicas. A empresa distribuir\u00e1 um marcador de p\u00e1gina com um c\u00f3digo de QR Code para os assinantes terem acesso ao livro.<\/p>\n\n\n\n<div class=\"wp-block-image\"><figure class=\"aligncenter size-large is-resized\"><img loading=\"lazy\" decoding=\"async\" src=\"https:\/\/tvtecjundiai.com.br\/news\/wp-content\/uploads\/sites\/2\/2022\/02\/whatsapp-image-2022-02-22-at-11-54-20-1200x900.jpeg\" alt=\"\" class=\"wp-image-89250\" width=\"780\" height=\"585\" srcset=\"https:\/\/tvtecjundiai.com.br\/news\/wp-content\/uploads\/sites\/2\/2022\/02\/whatsapp-image-2022-02-22-at-11-54-20-1200x900.jpeg 1200w, https:\/\/tvtecjundiai.com.br\/news\/wp-content\/uploads\/sites\/2\/2022\/02\/whatsapp-image-2022-02-22-at-11-54-20-300x225.jpeg 300w, https:\/\/tvtecjundiai.com.br\/news\/wp-content\/uploads\/sites\/2\/2022\/02\/whatsapp-image-2022-02-22-at-11-54-20-768x576.jpeg 768w, https:\/\/tvtecjundiai.com.br\/news\/wp-content\/uploads\/sites\/2\/2022\/02\/whatsapp-image-2022-02-22-at-11-54-20.jpeg 1280w\" sizes=\"auto, (max-width: 780px) 100vw, 780px\" \/><figcaption>Livro elaborado por meio do projeto<\/figcaption><\/figure><\/div>\n\n\n\n<p>\u201cFicamos muito felizes com o nosso projeto no kit de entrega mensal da Di\u00e1logos, os profissionais assinantes poder\u00e3o ter acesso ao nosso livro que foi realizado com muito carinho. \u00c9 muito importante essa chegada para outros educadores porque ele desenvolveu intensamente o brincar das crian\u00e7as com e na natureza, e por ser uma proposta poss\u00edvel para ser produzida em outras escolas tamb\u00e9m\u201d, afirmou a coordenadora pedag\u00f3gica, Selma Vilas Boas.<\/p>\n\n\n\n<p>Atividade l\u00fadica que desperta a criatividade das crian\u00e7as, proporciona grandes desenvolvimentos na escrita e estimula o experimentar de novos alimentos. \u201cN\u00f3s produzimos diversas receitas com elementos da natureza que coletamos juntas durante todo o processo, foi uma viv\u00eancia muito especial\u201d, contou Ana Paula.<\/p>\n\n\n\n<p><strong><em>(Fonte: Prefeitura de Jundia\u00ed\/Imagens: Divulga\u00e7\u00e3o)<\/em><\/strong><\/p>\n","protected":false},"excerpt":{"rendered":"<p>Clube Di\u00e1logos Embalados vai distribuir o conte\u00fado para diversos educadores do pa\u00eds<\/p>\n","protected":false},"author":30,"featured_media":89249,"comment_status":"closed","ping_status":"closed","sticky":false,"template":"","format":"standard","meta":{"footnotes":""},"categories":[2828,8356,1],"tags":[],"class_list":["post-89246","post","type-post","status-publish","format-standard","has-post-thumbnail","hentry","category-educacao","category-jundiai","category-noticias"],"_links":{"self":[{"href":"https:\/\/tvtecjundiai.com.br\/news\/wp-json\/wp\/v2\/posts\/89246","targetHints":{"allow":["GET"]}}],"collection":[{"href":"https:\/\/tvtecjundiai.com.br\/news\/wp-json\/wp\/v2\/posts"}],"about":[{"href":"https:\/\/tvtecjundiai.com.br\/news\/wp-json\/wp\/v2\/types\/post"}],"author":[{"embeddable":true,"href":"https:\/\/tvtecjundiai.com.br\/news\/wp-json\/wp\/v2\/users\/30"}],"replies":[{"embeddable":true,"href":"https:\/\/tvtecjundiai.com.br\/news\/wp-json\/wp\/v2\/comments?post=89246"}],"version-history":[{"count":1,"href":"https:\/\/tvtecjundiai.com.br\/news\/wp-json\/wp\/v2\/posts\/89246\/revisions"}],"predecessor-version":[{"id":89251,"href":"https:\/\/tvtecjundiai.com.br\/news\/wp-json\/wp\/v2\/posts\/89246\/revisions\/89251"}],"wp:featuredmedia":[{"embeddable":true,"href":"https:\/\/tvtecjundiai.com.br\/news\/wp-json\/wp\/v2\/media\/89249"}],"wp:attachment":[{"href":"https:\/\/tvtecjundiai.com.br\/news\/wp-json\/wp\/v2\/media?parent=89246"}],"wp:term":[{"taxonomy":"category","embeddable":true,"href":"https:\/\/tvtecjundiai.com.br\/news\/wp-json\/wp\/v2\/categories?post=89246"},{"taxonomy":"post_tag","embeddable":true,"href":"https:\/\/tvtecjundiai.com.br\/news\/wp-json\/wp\/v2\/tags?post=89246"}],"curies":[{"name":"wp","href":"https:\/\/api.w.org\/{rel}","templated":true}]}}