{"id":89356,"date":"2022-02-25T09:05:55","date_gmt":"2022-02-25T12:05:55","guid":{"rendered":"https:\/\/tvtecjundiai.com.br\/news\/?p=89356"},"modified":"2022-02-25T09:06:15","modified_gmt":"2022-02-25T12:06:15","slug":"festival-de-teatro-de-jundiai-festeju-volta-presencial-em-2022-e-esta-com-inscricoes-abertas","status":"publish","type":"post","link":"https:\/\/tvtecjundiai.com.br\/news\/2022\/02\/25\/festival-de-teatro-de-jundiai-festeju-volta-presencial-em-2022-e-esta-com-inscricoes-abertas\/","title":{"rendered":"Festival de Teatro de Jundia\u00ed (Festeju) volta presencial em 2022 e est\u00e1 com inscri\u00e7\u00f5es abertas"},"content":{"rendered":"\n<p>A Unidade de Gest\u00e3o de Cultura (UGC) recebe at\u00e9 o dia 9 de abril as inscri\u00e7\u00f5es gratuitas para o credenciamento de artistas solos ou grupos estudantis e companhias teatrais, amadores e profissionais, de todo o pa\u00eds, para a\u00a0<a rel=\"noreferrer noopener\" href=\"https:\/\/cultura.jundiai.sp.gov.br\/festeju\/\" target=\"_blank\">6\u00aa edi\u00e7\u00e3o do Festival de Teatro de Jundia\u00ed (Festeju)<\/a>.<\/p>\n\n\n\n<p>Criado em 2017, o Festeju chega \u00e0 sua 6\u00aa edi\u00e7\u00e3o, com o objetivo n\u00e3o apenas de fomentar a atividade art\u00edstica na linguagem do Teatro, como tamb\u00e9m de estimular a cria\u00e7\u00e3o de p\u00fablico e de promover o interc\u00e2mbio entre os artistas. \u201cEste ano, o festival ser\u00e1 realizado entre os dias 6 e 26 de junho, retornando ao seu formato presencial, com apresenta\u00e7\u00f5es no Complexo Fepasa e no Teatro Polytheama e eventualmente outros espa\u00e7os, seguindo os protocolos sanit\u00e1rios do Comit\u00ea Municipal de Preven\u00e7\u00e3o e Enfrentamento ao Coronav\u00edrus (CEC)\u201d, explica o diretor de Cultura, Jo\u00e3o Carlos De Luca.<\/p>\n\n\n\n<p>Cada proponente poder\u00e1 se inscrever com apenas um espet\u00e1culo, com tem\u00e1ticas infantis, infantojuvenis e adultas, pelas Cenas Amadora e Profissional.<\/p>\n\n\n\n<figure class=\"wp-block-image size-large\"><img loading=\"lazy\" decoding=\"async\" width=\"1200\" height=\"801\" src=\"https:\/\/tvtecjundiai.com.br\/news\/wp-content\/uploads\/sites\/2\/2022\/02\/festeju_complexo-fepasa-100-1200x801.jpg\" alt=\"\" class=\"wp-image-89357\" srcset=\"https:\/\/tvtecjundiai.com.br\/news\/wp-content\/uploads\/sites\/2\/2022\/02\/festeju_complexo-fepasa-100-1200x801.jpg 1200w, https:\/\/tvtecjundiai.com.br\/news\/wp-content\/uploads\/sites\/2\/2022\/02\/festeju_complexo-fepasa-100-300x200.jpg 300w, https:\/\/tvtecjundiai.com.br\/news\/wp-content\/uploads\/sites\/2\/2022\/02\/festeju_complexo-fepasa-100-768x512.jpg 768w, https:\/\/tvtecjundiai.com.br\/news\/wp-content\/uploads\/sites\/2\/2022\/02\/festeju_complexo-fepasa-100.jpg 1280w\" sizes=\"auto, (max-width: 1200px) 100vw, 1200px\" \/><figcaption>Programa\u00e7\u00e3o retoma formato presencial, com apresenta\u00e7\u00f5es no Teatro Polytheama, Complexo Fepasa e demais espa\u00e7os<\/figcaption><\/figure>\n\n\n\n<p>Pela Cena Amadora, poder\u00e3o se inscrever grupos art\u00edsticos livres ou estudantis de todo o territ\u00f3rio nacional. A composi\u00e7\u00e3o de seus elencos poder\u00e1 ter at\u00e9 30% com registro profissional da categoria na Delegacia Regional do Trabalho (DRT). Nessa categoria, a participa\u00e7\u00e3o ser\u00e1 premiada por meio de trof\u00e9u para os destaques de melhores ator, atriz, cen\u00e1rio, diretor, espet\u00e1culo por aprecia\u00e7\u00e3o popular, espet\u00e1culos (primeiro, segundo e terceiro lugares), figurino, ilumina\u00e7\u00e3o, maquiagem, pesquisa, sonoplastia e texto original. Nesta Cena, as apresenta\u00e7\u00f5es ser\u00e3o realizadas entre os dias 6 e 15 de junho, na Sala Jundia\u00ed do Complexo Fepasa.<\/p>\n\n\n\n<p>J\u00e1 pela Cena Profissional, de toda a equipe descrita na ficha t\u00e9cnica (incluindo integrantes do grupo ou companhia, produtores e t\u00e9cnicos), pelo menos 70% dever\u00e1 ter registros da DRT. Nessa categoria, ser\u00e3o selecionados dez espet\u00e1culos, que ser\u00e3o premiados com trof\u00e9us e aporte financeiro no valor de R$ 7mil.&nbsp;Pela Cena Profissional, as apresenta\u00e7\u00f5es ser\u00e3o feitas entre 17 e 26 de junho, no Teatro Polytheama.<\/p>\n\n\n\n<p>Al\u00e9m dos preenchimentos dos formul\u00e1rios on-line para inscri\u00e7\u00e3o de&nbsp;<a href=\"https:\/\/docs.google.com\/forms\/d\/e\/1FAIpQLSf7Ctmgl9Rc7w0SCGa9y13Cm9n7hylSo8df2uGHG4GLE2hYTw\/viewform\" target=\"_blank\" rel=\"noreferrer noopener\">espet\u00e1culos<\/a>&nbsp;e&nbsp;<a href=\"https:\/\/docs.google.com\/forms\/d\/e\/1FAIpQLScBILdCeyY6mX2WzoRQ6o-gj0NUM4J4mkknnBo5f3G_1T4ObQ\/viewform\" target=\"_blank\" rel=\"noreferrer noopener\">integrantes<\/a>, devem ser tamb\u00e9m preenchidos os seguintes documentos:&nbsp;Or\u00e7amento, Autoriza\u00e7\u00e3o de Cess\u00e3o de Direitos Autorais e de Imagem, Autoriza\u00e7\u00e3o de Uso de Obras de Terceiros e Ficha T\u00e9cnica.<\/p>\n\n\n\n<p>A programa\u00e7\u00e3o gratuita contar\u00e1 ainda com oficinas, palestras e debates com profissionais renomados da \u00e1rea.<\/p>\n\n\n\n<p>Mais informa\u00e7\u00f5es podem ser obtidas nos sites do\u00a0<a rel=\"noreferrer noopener\" href=\"https:\/\/cultura.jundiai.sp.gov.br\/festeju\/\" target=\"_blank\">Festeju<\/a>\u00a0e da\u00a0<a rel=\"noreferrer noopener\" href=\"https:\/\/cultura.jundiai.sp.gov.br\/editais-e-regulamentos\/\" target=\"_blank\">Cultura<\/a>, pelo\u00a0<a rel=\"noreferrer noopener\" href=\"https:\/\/cultura.jundiai.sp.gov.br\/wp-content\/uploads\/2022\/02\/Edital_Festeju_2022.pdf\" target=\"_blank\">edital de concurso n\u00ba 03\/2022<\/a>, pelo e-mail\u00a0<a href=\"mailto:festeju@jundiai.sp.gov.br\">festeju@jundiai.sp.gov.br<\/a>\u00a0ou pelo telefone (11) 4589-6800.<\/p>\n\n\n\n<p><strong><em>(Fonte\/Imagem: Prefeitura de Jundia\u00ed)<\/em><\/strong><\/p>\n","protected":false},"excerpt":{"rendered":"<p>Unidade de Gest\u00e3o de Cultura (UGC) receber\u00e1 inscri\u00e7\u00f5es at\u00e9 o dia 9 de abril<\/p>\n","protected":false},"author":30,"featured_media":89357,"comment_status":"closed","ping_status":"closed","sticky":false,"template":"","format":"standard","meta":{"footnotes":""},"categories":[2833,8356,1],"tags":[],"class_list":["post-89356","post","type-post","status-publish","format-standard","has-post-thumbnail","hentry","category-cultura","category-jundiai","category-noticias"],"_links":{"self":[{"href":"https:\/\/tvtecjundiai.com.br\/news\/wp-json\/wp\/v2\/posts\/89356","targetHints":{"allow":["GET"]}}],"collection":[{"href":"https:\/\/tvtecjundiai.com.br\/news\/wp-json\/wp\/v2\/posts"}],"about":[{"href":"https:\/\/tvtecjundiai.com.br\/news\/wp-json\/wp\/v2\/types\/post"}],"author":[{"embeddable":true,"href":"https:\/\/tvtecjundiai.com.br\/news\/wp-json\/wp\/v2\/users\/30"}],"replies":[{"embeddable":true,"href":"https:\/\/tvtecjundiai.com.br\/news\/wp-json\/wp\/v2\/comments?post=89356"}],"version-history":[{"count":1,"href":"https:\/\/tvtecjundiai.com.br\/news\/wp-json\/wp\/v2\/posts\/89356\/revisions"}],"predecessor-version":[{"id":89358,"href":"https:\/\/tvtecjundiai.com.br\/news\/wp-json\/wp\/v2\/posts\/89356\/revisions\/89358"}],"wp:featuredmedia":[{"embeddable":true,"href":"https:\/\/tvtecjundiai.com.br\/news\/wp-json\/wp\/v2\/media\/89357"}],"wp:attachment":[{"href":"https:\/\/tvtecjundiai.com.br\/news\/wp-json\/wp\/v2\/media?parent=89356"}],"wp:term":[{"taxonomy":"category","embeddable":true,"href":"https:\/\/tvtecjundiai.com.br\/news\/wp-json\/wp\/v2\/categories?post=89356"},{"taxonomy":"post_tag","embeddable":true,"href":"https:\/\/tvtecjundiai.com.br\/news\/wp-json\/wp\/v2\/tags?post=89356"}],"curies":[{"name":"wp","href":"https:\/\/api.w.org\/{rel}","templated":true}]}}