{"id":89374,"date":"2022-02-25T14:00:31","date_gmt":"2022-02-25T17:00:31","guid":{"rendered":"https:\/\/tvtecjundiai.com.br\/news\/?p=89374"},"modified":"2022-02-25T14:00:37","modified_gmt":"2022-02-25T17:00:37","slug":"shoppings-de-jundiai-funcionam-em-horario-especial-durante-o-carnaval","status":"publish","type":"post","link":"https:\/\/tvtecjundiai.com.br\/news\/2022\/02\/25\/shoppings-de-jundiai-funcionam-em-horario-especial-durante-o-carnaval\/","title":{"rendered":"Shoppings de Jundia\u00ed funcionam em hor\u00e1rio especial durante o Carnaval"},"content":{"rendered":"\n<p>Neste feriado prolongado de Carnaval, os shoppings s\u00e3o uma \u00f3tima op\u00e7\u00e3o para quem desejar comprar, passear e se divertir na cidade. Confira os hor\u00e1rios de funcionamento do Maxi Shopping Jundia\u00ed e do Jundia\u00edShopping at\u00e9 ter\u00e7a-feira (01).<\/p>\n\n\n\n<p><strong>Maxi Shopping Jundia\u00ed<\/strong><\/p>\n\n\n\n<p><strong>S\u00e1bado (26):<\/strong> funcionamento das 10h \u00e0s 22h; alimenta\u00e7\u00e3o das 11h \u00e0s 22h (opcional a abertura \u00e0s 10h)<\/p>\n\n\n\n<p><strong>Domingo (27):<\/strong> funcionamento das 14h \u00e0s 20h; alimenta\u00e7\u00e3o das 11h \u00e0s 22h (opcional a abertura \u00e0s 10h)<\/p>\n\n\n\n<p><strong>Segunda-feira (28):<\/strong> funcionamento das 10h \u00e0s 22h; alimenta\u00e7\u00e3o das 11h \u00e0s 22h (opcional a abertura \u00e0s 10h)<\/p>\n\n\n\n<p><strong>Ter\u00e7a-feira (01):<\/strong> funcionamento das 14h \u00e0s 20h (opcional das 10h \u00e0s 14h e das 20h \u00e0s 22h); alimenta\u00e7\u00e3o das 11h \u00e0s 22h (opcional a abertura \u00e0s 10h)<\/p>\n\n\n\n<div class=\"wp-block-image\"><figure class=\"aligncenter size-full is-resized\"><img loading=\"lazy\" decoding=\"async\" src=\"https:\/\/tvtecjundiai.com.br\/news\/wp-content\/uploads\/sites\/2\/2022\/02\/novo-horario-de-funcionamento-do-maxi-shopping-jundiai-5f417daa33343.jpg\" alt=\"\" class=\"wp-image-89375\" width=\"772\" height=\"515\" srcset=\"https:\/\/tvtecjundiai.com.br\/news\/wp-content\/uploads\/sites\/2\/2022\/02\/novo-horario-de-funcionamento-do-maxi-shopping-jundiai-5f417daa33343.jpg 1150w, https:\/\/tvtecjundiai.com.br\/news\/wp-content\/uploads\/sites\/2\/2022\/02\/novo-horario-de-funcionamento-do-maxi-shopping-jundiai-5f417daa33343-300x200.jpg 300w, https:\/\/tvtecjundiai.com.br\/news\/wp-content\/uploads\/sites\/2\/2022\/02\/novo-horario-de-funcionamento-do-maxi-shopping-jundiai-5f417daa33343-768x512.jpg 768w\" sizes=\"auto, (max-width: 772px) 100vw, 772px\" \/><\/figure><\/div>\n\n\n\n<p><strong>Jundia\u00edShopping<\/strong><\/p>\n\n\n\n<p><strong>Segunda-feira (28):<\/strong> funcionamento das 10h \u00e0s 22h; alimenta\u00e7\u00e3o das 11h \u00e0s 22h<\/p>\n\n\n\n<p><strong>Ter\u00e7a-feira (01): <\/strong>funcionamento das 14h \u00e0s 20h (com abertura opcional a partir dar 12h); alimenta\u00e7\u00e3o das 11h \u00e0s 22h<\/p>\n\n\n\n<div class=\"wp-block-image\"><figure class=\"aligncenter size-large is-resized\"><img loading=\"lazy\" decoding=\"async\" src=\"https:\/\/tvtecjundiai.com.br\/news\/wp-content\/uploads\/sites\/2\/2022\/02\/fachada-jds-2019b-1200x800.jpg\" alt=\"\" class=\"wp-image-89376\" width=\"778\" height=\"519\" srcset=\"https:\/\/tvtecjundiai.com.br\/news\/wp-content\/uploads\/sites\/2\/2022\/02\/fachada-jds-2019b-1200x800.jpg 1200w, https:\/\/tvtecjundiai.com.br\/news\/wp-content\/uploads\/sites\/2\/2022\/02\/fachada-jds-2019b-300x200.jpg 300w, https:\/\/tvtecjundiai.com.br\/news\/wp-content\/uploads\/sites\/2\/2022\/02\/fachada-jds-2019b-768x512.jpg 768w, https:\/\/tvtecjundiai.com.br\/news\/wp-content\/uploads\/sites\/2\/2022\/02\/fachada-jds-2019b.jpg 1280w\" sizes=\"auto, (max-width: 778px) 100vw, 778px\" \/><\/figure><\/div>\n\n\n\n<p><em><strong>(Fonte: Maxi Shopping Jundia\u00ed e Jundia\u00edShopping\/Imagens: Divulga\u00e7\u00e3o Maxi Shopping Jundia\u00ed\/ Divulga\u00e7\u00e3o Multiplan Jundia\u00edShopping)<\/strong><\/em><\/p>\n","protected":false},"excerpt":{"rendered":"<p>Shoppings s\u00e3o \u00f3tima op\u00e7\u00e3o para quem desejar passear e se divertir no feriado<\/p>\n","protected":false},"author":30,"featured_media":89376,"comment_status":"closed","ping_status":"closed","sticky":false,"template":"","format":"standard","meta":{"footnotes":""},"categories":[8356,8354,1],"tags":[],"class_list":["post-89374","post","type-post","status-publish","format-standard","has-post-thumbnail","hentry","category-jundiai","category-lazer","category-noticias"],"_links":{"self":[{"href":"https:\/\/tvtecjundiai.com.br\/news\/wp-json\/wp\/v2\/posts\/89374","targetHints":{"allow":["GET"]}}],"collection":[{"href":"https:\/\/tvtecjundiai.com.br\/news\/wp-json\/wp\/v2\/posts"}],"about":[{"href":"https:\/\/tvtecjundiai.com.br\/news\/wp-json\/wp\/v2\/types\/post"}],"author":[{"embeddable":true,"href":"https:\/\/tvtecjundiai.com.br\/news\/wp-json\/wp\/v2\/users\/30"}],"replies":[{"embeddable":true,"href":"https:\/\/tvtecjundiai.com.br\/news\/wp-json\/wp\/v2\/comments?post=89374"}],"version-history":[{"count":1,"href":"https:\/\/tvtecjundiai.com.br\/news\/wp-json\/wp\/v2\/posts\/89374\/revisions"}],"predecessor-version":[{"id":89378,"href":"https:\/\/tvtecjundiai.com.br\/news\/wp-json\/wp\/v2\/posts\/89374\/revisions\/89378"}],"wp:featuredmedia":[{"embeddable":true,"href":"https:\/\/tvtecjundiai.com.br\/news\/wp-json\/wp\/v2\/media\/89376"}],"wp:attachment":[{"href":"https:\/\/tvtecjundiai.com.br\/news\/wp-json\/wp\/v2\/media?parent=89374"}],"wp:term":[{"taxonomy":"category","embeddable":true,"href":"https:\/\/tvtecjundiai.com.br\/news\/wp-json\/wp\/v2\/categories?post=89374"},{"taxonomy":"post_tag","embeddable":true,"href":"https:\/\/tvtecjundiai.com.br\/news\/wp-json\/wp\/v2\/tags?post=89374"}],"curies":[{"name":"wp","href":"https:\/\/api.w.org\/{rel}","templated":true}]}}