{"id":89381,"date":"2022-02-25T14:12:22","date_gmt":"2022-02-25T17:12:22","guid":{"rendered":"https:\/\/tvtecjundiai.com.br\/news\/?p=89381"},"modified":"2022-02-25T14:12:38","modified_gmt":"2022-02-25T17:12:38","slug":"cultura-abre-inscricoes-para-oficina-online-gratuita-de-grafite-para-jovens","status":"publish","type":"post","link":"https:\/\/tvtecjundiai.com.br\/news\/2022\/02\/25\/cultura-abre-inscricoes-para-oficina-online-gratuita-de-grafite-para-jovens\/","title":{"rendered":"Cultura abre inscri\u00e7\u00f5es para oficina online gratuita de Grafite para jovens"},"content":{"rendered":"\n<p>Como parte da proposta de difus\u00e3o, acesso e busca de novos talentos das Artes Visuais, a Unidade de Gest\u00e3o de Cultura (UGC) abriu inscri\u00e7\u00f5es de jovens com mais de 14 anos para uma oficina gratuita de Grafite, com a artista pl\u00e1stica Gika.<\/p>\n\n\n\n<p><a rel=\"noreferrer noopener\" href=\"https:\/\/forms.gle\/dBPQ65KKk6RoUug89\" target=\"_blank\">As inscri\u00e7\u00f5es gratuita<\/a><a href=\"https:\/\/forms.gle\/dBPQ65KKk6RoUug89\" target=\"_blank\" rel=\"noreferrer noopener\">s<\/a><a rel=\"noreferrer noopener\" href=\"https:\/\/forms.gle\/dBPQ65KKk6RoUug89\" target=\"_blank\">&nbsp;devem ser feitas pela internet<\/a>. Os dez encontros, pela plataforma Zoom, ser\u00e3o realizadas entre os dias 29 de mar\u00e7o e 03 de maio deste ano, sempre \u00e0s ter\u00e7as e quintas-feiras, das 19h \u00e0s 21h. A forma\u00e7\u00e3o ir\u00e1 abordar semanalmente uma produ\u00e7\u00e3o diferente, mostrando estilos e refer\u00eancias de diversos artistas e a utiliza\u00e7\u00e3o de materiais peculiares, \u00fateis e \u00fanicos.<\/p>\n\n\n\n<figure class=\"wp-block-image\"><img decoding=\"async\" src=\"https:\/\/jundiai.sp.gov.br\/noticias\/wp-content\/uploads\/sites\/32\/2022\/02\/pinacoteca_oficina-ferias-27.jpg\" alt=\"\" class=\"wp-image-286736\" \/><figcaption>Para Gika, a proposta da oficina \u00e9 encontrar novos talentos e criar um time de novos artistas na cidade<\/figcaption><\/figure>\n\n\n\n<p>Segundo o diretor de Cultura, Jo\u00e3o Carlos De Luca, a oficina faz parte de um projeto maior de democratiza\u00e7\u00e3o do acesso ao grafite enquanto linguagem e manifesta\u00e7\u00e3o art\u00edsticas urbanas, prezando pela descentraliza\u00e7\u00e3o das interven\u00e7\u00f5es pelos bairros da cidade. \u201cDepois das interven\u00e7\u00f5es embaixo do viaduto da Avenida Jundia\u00ed, na fachada da maior unidade da Escola Inovadora de Jundia\u00ed, a Emeb Candel\u00e1rio de Freitas, e dos 25 pain\u00e9is que comp\u00f5em a&nbsp;<a href=\"https:\/\/jundiai.sp.gov.br\/noticias\/2022\/01\/24\/com-a-conclusao-da-revitalizacao-da-galeria-g9-outros-espacos-da-cidade-ganharao-intervencoes-de-grafiteiros\/\">Galeria de Arte P\u00fablica G9 revitalizada e entregue no anivers\u00e1rio de 365 anos Jundia\u00ed<\/a>, a proposta \u00e9 levar o grafite para muros dos bairros Cecap, Jardim S\u00e3o Camilo, Vista Alegre, Vila Alvorada e Vetor Oeste. Tamb\u00e9m est\u00e1 no planejamento da Unidade a cria\u00e7\u00e3o do Circuito de Arte Urbana (CAU), a fim de identificar e mapear de obras j\u00e1 existentes e realizar novas em outros espa\u00e7os\u201d, destacou.<\/p>\n\n\n\n<p><a rel=\"noreferrer noopener\" href=\"https:\/\/cultura.jundiai.sp.gov.br\/espacos-culturais\/galeria-de-arte-publica-g9\/\" target=\"_blank\">CONFIRA AS FOTOS DA G9<\/a><\/p>\n\n\n\n<p>Segundo Gika, a oficina vai possibilitar aos participantes a oportunidade de realizar projetos de identidade visual em murais de grafite, telas, roupas, onde cada um poder\u00e1 construir seus pr\u00f3prios personagens e criar suas paletas de cores e letreiros, com diferentes tipos de caligrafia. \u201cDurante dois meses, por meio de aulas pr\u00e1ticas, divertidas e coloridas, vamos construir uma identidade visual, mostrando que n\u00e3o \u00e9 necess\u00e1rio saber desenhar para aprender o grafite. Tem muita gente precisando destravar a criatividade, saber como organizar seus projetos, como utilizar uma t\u00e9cnica ou outra. Vamos desbloquear e deixar fluir. Quero encontrar novos talentos e assim termos na cidade um time de novos artistas\u201d, concluiu.<\/p>\n\n\n\n<p>Mais informa\u00e7\u00f5es podem ser obtidas pelo telefone (11) 4589-6800.<\/p>\n\n\n\n<figure class=\"wp-block-image\"><img decoding=\"async\" src=\"https:\/\/jundiai.sp.gov.br\/noticias\/wp-content\/uploads\/sites\/32\/2022\/02\/galeria-grafite-g9-148-1200x675-1.jpg\" alt=\"\" class=\"wp-image-286737\" \/><figcaption>A Galeria de Arte P\u00fablica G9 foi revitalizada como parte da programa\u00e7\u00e3o de 365 anos de Jundia\u00ed<\/figcaption><\/figure>\n","protected":false},"excerpt":{"rendered":"<p>A proposta da oficina \u00e9 encontrar novos talentos e criar um time de novos artistas na cidade.<\/p>\n","protected":false},"author":27,"featured_media":89383,"comment_status":"closed","ping_status":"closed","sticky":false,"template":"","format":"standard","meta":{"footnotes":""},"categories":[2833,8356,8354],"tags":[],"class_list":["post-89381","post","type-post","status-publish","format-standard","has-post-thumbnail","hentry","category-cultura","category-jundiai","category-lazer"],"_links":{"self":[{"href":"https:\/\/tvtecjundiai.com.br\/news\/wp-json\/wp\/v2\/posts\/89381","targetHints":{"allow":["GET"]}}],"collection":[{"href":"https:\/\/tvtecjundiai.com.br\/news\/wp-json\/wp\/v2\/posts"}],"about":[{"href":"https:\/\/tvtecjundiai.com.br\/news\/wp-json\/wp\/v2\/types\/post"}],"author":[{"embeddable":true,"href":"https:\/\/tvtecjundiai.com.br\/news\/wp-json\/wp\/v2\/users\/27"}],"replies":[{"embeddable":true,"href":"https:\/\/tvtecjundiai.com.br\/news\/wp-json\/wp\/v2\/comments?post=89381"}],"version-history":[{"count":1,"href":"https:\/\/tvtecjundiai.com.br\/news\/wp-json\/wp\/v2\/posts\/89381\/revisions"}],"predecessor-version":[{"id":89384,"href":"https:\/\/tvtecjundiai.com.br\/news\/wp-json\/wp\/v2\/posts\/89381\/revisions\/89384"}],"wp:featuredmedia":[{"embeddable":true,"href":"https:\/\/tvtecjundiai.com.br\/news\/wp-json\/wp\/v2\/media\/89383"}],"wp:attachment":[{"href":"https:\/\/tvtecjundiai.com.br\/news\/wp-json\/wp\/v2\/media?parent=89381"}],"wp:term":[{"taxonomy":"category","embeddable":true,"href":"https:\/\/tvtecjundiai.com.br\/news\/wp-json\/wp\/v2\/categories?post=89381"},{"taxonomy":"post_tag","embeddable":true,"href":"https:\/\/tvtecjundiai.com.br\/news\/wp-json\/wp\/v2\/tags?post=89381"}],"curies":[{"name":"wp","href":"https:\/\/api.w.org\/{rel}","templated":true}]}}