{"id":89393,"date":"2022-02-25T15:27:55","date_gmt":"2022-02-25T18:27:55","guid":{"rendered":"https:\/\/tvtecjundiai.com.br\/news\/?p=89393"},"modified":"2022-02-25T15:28:00","modified_gmt":"2022-02-25T18:28:00","slug":"prefeitura-apresenta-projeto-da-nova-sede-do-debea-para-os-moradores-do-engordadouro","status":"publish","type":"post","link":"https:\/\/tvtecjundiai.com.br\/news\/2022\/02\/25\/prefeitura-apresenta-projeto-da-nova-sede-do-debea-para-os-moradores-do-engordadouro\/","title":{"rendered":"Prefeitura apresenta projeto da nova sede do DEBEA para os moradores do Engordadouro"},"content":{"rendered":"\n<p>Na noite de quinta-feira (24), gestores da Prefeitura de Jundia\u00ed e equipe t\u00e9cnica estiveram reunidos com moradores da regi\u00e3o do Engordadouro para apresentar o projeto de constru\u00e7\u00e3o da nova sede do Departamento de Bem-Estar Animal (DEBEA). As opini\u00f5es e sugest\u00f5es foram ouvidas pelos gestores das Unidades de Governo e Finan\u00e7as (UGGF) e de Planejamento Urbano e Meio Ambiente (UGPUMA) e equipe, e ser\u00e3o avaliadas para a sequ\u00eancia das diretivas do projeto.<\/p>\n\n\n\n<p>\u201cJundia\u00ed conta com uma pol\u00edtica p\u00fablica de bem-estar animal, que passa pela oferta de servi\u00e7os para a popula\u00e7\u00e3o de baixa renda que precisa de atendimento para seu pet. Atualmente, o DEBEA est\u00e1 instalado numa estrutura alugada e que n\u00e3o oferece condi\u00e7\u00f5es adequadas \u00e0 presta\u00e7\u00e3o dos servi\u00e7os. Por isso, a import\u00e2ncia de projetar a constru\u00e7\u00e3o de um espa\u00e7o espec\u00edfico para este tipo de servi\u00e7o. No entanto, ouvir a comunidade \u00e9 essencial para o seguimento do projeto\u201d, comentou o gestor da UGGF, Jos\u00e9 Antonio Parimoschi.<\/p>\n\n\n\n<figure class=\"wp-block-image size-large\"><img loading=\"lazy\" decoding=\"async\" width=\"1200\" height=\"800\" src=\"https:\/\/tvtecjundiai.com.br\/news\/wp-content\/uploads\/sites\/2\/2022\/02\/reuniao-projeto-debea-84-1200x800.jpg\" alt=\"\" class=\"wp-image-89394\" srcset=\"https:\/\/tvtecjundiai.com.br\/news\/wp-content\/uploads\/sites\/2\/2022\/02\/reuniao-projeto-debea-84-1200x800.jpg 1200w, https:\/\/tvtecjundiai.com.br\/news\/wp-content\/uploads\/sites\/2\/2022\/02\/reuniao-projeto-debea-84-300x200.jpg 300w, https:\/\/tvtecjundiai.com.br\/news\/wp-content\/uploads\/sites\/2\/2022\/02\/reuniao-projeto-debea-84-768x512.jpg 768w, https:\/\/tvtecjundiai.com.br\/news\/wp-content\/uploads\/sites\/2\/2022\/02\/reuniao-projeto-debea-84.jpg 1280w\" sizes=\"auto, (max-width: 1200px) 100vw, 1200px\" \/><figcaption>Apresenta\u00e7\u00e3o do projeto foi feita aos moradores dos condom\u00ednios da regi\u00e3o do Engordadouro<\/figcaption><\/figure>\n\n\n\n<p>O projeto, elaborado para ser constru\u00eddo em dois n\u00edveis e abaixo da quota da avenida Andr\u00e9 Costa, conta com \u00e1rea administrativa, salas de cirurgias, consult\u00f3rios, espa\u00e7o para isolamento, canil e gatil com baias individuais. Toda a estrutura ser\u00e1 murada para seguran\u00e7a do espa\u00e7o e evitar o contato visual dos animais com o ambiente externo, reduzindo tamb\u00e9m a gera\u00e7\u00e3o de ru\u00eddo.<\/p>\n\n\n\n<p>Moradora e s\u00edndica do condom\u00ednio Terras de G\u00eanova Gisele Cangare ressaltou a import\u00e2ncia do equipamento. \u201cEntendemos que a cidade precisa de um servi\u00e7o como esse para o atendimento dos animais da popula\u00e7\u00e3o em situa\u00e7\u00e3o de vulnerabilidade. Temos de pensar no benef\u00edcio coletivo\u201d, argumentou.<\/p>\n\n\n\n<figure class=\"wp-block-image size-large\"><img loading=\"lazy\" decoding=\"async\" width=\"1200\" height=\"800\" src=\"https:\/\/tvtecjundiai.com.br\/news\/wp-content\/uploads\/sites\/2\/2022\/02\/reuniao-projeto-debea-6-1200x800.jpg\" alt=\"\" class=\"wp-image-89395\" srcset=\"https:\/\/tvtecjundiai.com.br\/news\/wp-content\/uploads\/sites\/2\/2022\/02\/reuniao-projeto-debea-6-1200x800.jpg 1200w, https:\/\/tvtecjundiai.com.br\/news\/wp-content\/uploads\/sites\/2\/2022\/02\/reuniao-projeto-debea-6-300x200.jpg 300w, https:\/\/tvtecjundiai.com.br\/news\/wp-content\/uploads\/sites\/2\/2022\/02\/reuniao-projeto-debea-6-768x512.jpg 768w, https:\/\/tvtecjundiai.com.br\/news\/wp-content\/uploads\/sites\/2\/2022\/02\/reuniao-projeto-debea-6.jpg 1280w\" sizes=\"auto, (max-width: 1200px) 100vw, 1200px\" \/><figcaption>Reuni\u00e3o foi realizada na noite de quinta-feira (24), em condom\u00ednio do Engordadouro<\/figcaption><\/figure>\n\n\n\n<p>Morador e s\u00edndico do empreendimento Myriad, Tiago Odigenes Avila apresentou as preocupa\u00e7\u00f5es em rela\u00e7\u00e3o \u00e0 instala\u00e7\u00e3o do empreendimento no local. \u201cNosso questionamento \u00e9 em rela\u00e7\u00e3o ao ru\u00eddo gerado pelos animais, que pode comprometer a qualidade de vida que temos hoje\u201d, apontou.<br>\u201cA reuni\u00e3o realizada \u00e9 uma grande oportunidade para, n\u00f3s, moradores e um diferencial para a gest\u00e3o, pois difere das condutas de outros locais. Demonstra respeito para com os moradores do bairro. Indiscutivelmente o projeto \u00e9 essencial e importante para o munic\u00edpio, visto o robusto compromisso com o bem-estar animal, legitimando tal empreendimento. No entanto, em meu entendimento, esse aparelho deveria ser instalado em outro ponto p\u00fablico, distante da \u00e1rea urbana e sem gerar impactos sociais onde estiver\u201d, explicou o morador do Scalla Convivium Club, Thiago Silva.<\/p>\n\n\n\n<p>Tamb\u00e9m participou da reuni\u00e3o o s\u00edndico do Scalla Convivium Club, Anderson Lu\u00eds Ara\u00fajo, o vereador e presidente da C\u00e2mara de Jundia\u00ed, Faouaz Taha e o vereador Marcelo Gastaldo.<\/p>\n\n\n\n<p>\u201cO DEBEA \u00e9 um departamento que promove educa\u00e7\u00e3o para posse respons\u00e1vel dos animais, atendimentos, cirurgias, castra\u00e7\u00f5es e microchipagem dos animais da popula\u00e7\u00e3o pass\u00edvel deste tipo de servi\u00e7o. N\u00e3o \u00e9 um canil. O abrigando \u00e9 tempor\u00e1rio, at\u00e9 que o animal se recupere. Toda a estrutura do novo equipamento foi projetada por t\u00e9cnicos com o foco em oferecer servi\u00e7os adequados e com o menor impacto ao entorno\u201d, salienta o gestor da UGPUMA, Sin\u00e9sio Scarabello Filho.<\/p>\n\n\n\n<p><strong><em>(Fonte\/Imagens: Prefeitura de Jundia\u00ed)<\/em><\/strong><\/p>\n","protected":false},"excerpt":{"rendered":"<p>Projeto conta com \u00e1rea administrativa, salas de cirurgias, consult\u00f3rios, canil e gatil<\/p>\n","protected":false},"author":30,"featured_media":89394,"comment_status":"closed","ping_status":"closed","sticky":false,"template":"","format":"standard","meta":{"footnotes":""},"categories":[8356,1],"tags":[],"class_list":["post-89393","post","type-post","status-publish","format-standard","has-post-thumbnail","hentry","category-jundiai","category-noticias"],"_links":{"self":[{"href":"https:\/\/tvtecjundiai.com.br\/news\/wp-json\/wp\/v2\/posts\/89393","targetHints":{"allow":["GET"]}}],"collection":[{"href":"https:\/\/tvtecjundiai.com.br\/news\/wp-json\/wp\/v2\/posts"}],"about":[{"href":"https:\/\/tvtecjundiai.com.br\/news\/wp-json\/wp\/v2\/types\/post"}],"author":[{"embeddable":true,"href":"https:\/\/tvtecjundiai.com.br\/news\/wp-json\/wp\/v2\/users\/30"}],"replies":[{"embeddable":true,"href":"https:\/\/tvtecjundiai.com.br\/news\/wp-json\/wp\/v2\/comments?post=89393"}],"version-history":[{"count":1,"href":"https:\/\/tvtecjundiai.com.br\/news\/wp-json\/wp\/v2\/posts\/89393\/revisions"}],"predecessor-version":[{"id":89396,"href":"https:\/\/tvtecjundiai.com.br\/news\/wp-json\/wp\/v2\/posts\/89393\/revisions\/89396"}],"wp:featuredmedia":[{"embeddable":true,"href":"https:\/\/tvtecjundiai.com.br\/news\/wp-json\/wp\/v2\/media\/89394"}],"wp:attachment":[{"href":"https:\/\/tvtecjundiai.com.br\/news\/wp-json\/wp\/v2\/media?parent=89393"}],"wp:term":[{"taxonomy":"category","embeddable":true,"href":"https:\/\/tvtecjundiai.com.br\/news\/wp-json\/wp\/v2\/categories?post=89393"},{"taxonomy":"post_tag","embeddable":true,"href":"https:\/\/tvtecjundiai.com.br\/news\/wp-json\/wp\/v2\/tags?post=89393"}],"curies":[{"name":"wp","href":"https:\/\/api.w.org\/{rel}","templated":true}]}}