{"id":89410,"date":"2022-02-25T18:15:05","date_gmt":"2022-02-25T21:15:05","guid":{"rendered":"https:\/\/tvtecjundiai.com.br\/news\/?p=89410"},"modified":"2022-02-25T18:15:27","modified_gmt":"2022-02-25T21:15:27","slug":"centros-de-referencia-de-assistencia-social-realiza-reuniao-de-planejamento","status":"publish","type":"post","link":"https:\/\/tvtecjundiai.com.br\/news\/2022\/02\/25\/centros-de-referencia-de-assistencia-social-realiza-reuniao-de-planejamento\/","title":{"rendered":"Centros de Refer\u00eancia de Assist\u00eancia Social realiza reuni\u00e3o de planejamento"},"content":{"rendered":"\n<p>A Unidade de Gest\u00e3o de Assist\u00eancia e Desenvolvimento Social (UGADS) promoveu, na manh\u00e3 desta sexta-feira (25), uma reuni\u00e3o de trabalho para o planejamento de a\u00e7\u00f5es conjuntas entre as equipes dos seis Centros de Refer\u00eancia de Assist\u00eancia Social (Cras).<\/p>\n\n\n\n<p>O Munic\u00edpio conta com seis Cras \u2013 Central, Santa Gertrudes, S\u00e3o Camilo, Jardim Novo Horizonte, Jardim Tamoio e Vista Alegre -, que integram o Departamento de Prote\u00e7\u00e3o Social B\u00e1sica, cuja atua\u00e7\u00e3o \u00e9 voltada \u00e0 amplia\u00e7\u00e3o da prote\u00e7\u00e3o social, e \u00e0 promo\u00e7\u00e3o, preven\u00e7\u00e3o e garantia de direitos da popula\u00e7\u00e3o em situa\u00e7\u00e3o de vulnerabilidade social. No Munic\u00edpio, s\u00e3o atualmente referenciadas pelos Cras cerca de 14 mil fam\u00edlias.<\/p>\n\n\n\n<figure class=\"wp-block-image\"><img decoding=\"async\" src=\"https:\/\/jundiai.sp.gov.br\/noticias\/wp-content\/uploads\/sites\/32\/2022\/02\/egp_reuniao-de-planejamento-ugads-27.jpg\" alt=\"Sala de reuni\u00e3o com grupo de adultos em p\u00e9 \u00e0 frente e outro grupo de pessoas sentadas em cadeiras de estofado azul, com piso espelhado e teto com lumin\u00e1rias\" class=\"wp-image-286834\" \/><figcaption>Participaram do encontro cerca de 30 servidores, entre coordenadores, orientadores, educadores e assistentes sociais e psic\u00f3logos<\/figcaption><\/figure>\n\n\n\n<p>O encontro foi realizado na Escola de Gest\u00e3o P\u00fablica (EGP). Como explica a diretora do Departamento, C\u00e1ssia Carpi do Prado, o trabalho foi dividido em dois momentos. \u201cPrimeiro, os grupos dividiram-se pelas fun\u00e7\u00f5es que cada um exerce, como coordenadores, orientadores, educadores e assistentes sociais e psic\u00f3logos, que puderam refletir o papel de cada um, em um exerc\u00edcio sobre o que seria o ideal, real e o poss\u00edvel de se realizar hoje. Em seguida, os grupos socializaram-se e apresentaram o resultado das reflex\u00f5es\u201d.<\/p>\n\n\n\n<p>Ainda segundo C\u00e1ssia, a proposta \u00e9 que mais encontros como este sejam realizados. \u201cO servi\u00e7o exige bastante dinamismo das equipes e n\u00e3o podemos pensar num planejamento somente a longo prazo. Em vista da boa receptividade e aprova\u00e7\u00e3o das equipes, a ideia \u00e9 estabelecer um calend\u00e1rio peri\u00f3dico para que possamos nos reencontrar\u201d, concluiu.<\/p>\n\n\n\n<p><em><strong>(Fonte\/Imagem: Prefeitura de Jundia\u00ed)<\/strong><\/em><\/p>\n","protected":false},"excerpt":{"rendered":"<p>Participaram do encontro: orientadores, educadores e assistentes sociais e psic\u00f3logos.<\/p>\n","protected":false},"author":27,"featured_media":89411,"comment_status":"closed","ping_status":"closed","sticky":false,"template":"","format":"standard","meta":{"footnotes":""},"categories":[8356],"tags":[],"class_list":["post-89410","post","type-post","status-publish","format-standard","has-post-thumbnail","hentry","category-jundiai"],"_links":{"self":[{"href":"https:\/\/tvtecjundiai.com.br\/news\/wp-json\/wp\/v2\/posts\/89410","targetHints":{"allow":["GET"]}}],"collection":[{"href":"https:\/\/tvtecjundiai.com.br\/news\/wp-json\/wp\/v2\/posts"}],"about":[{"href":"https:\/\/tvtecjundiai.com.br\/news\/wp-json\/wp\/v2\/types\/post"}],"author":[{"embeddable":true,"href":"https:\/\/tvtecjundiai.com.br\/news\/wp-json\/wp\/v2\/users\/27"}],"replies":[{"embeddable":true,"href":"https:\/\/tvtecjundiai.com.br\/news\/wp-json\/wp\/v2\/comments?post=89410"}],"version-history":[{"count":1,"href":"https:\/\/tvtecjundiai.com.br\/news\/wp-json\/wp\/v2\/posts\/89410\/revisions"}],"predecessor-version":[{"id":89412,"href":"https:\/\/tvtecjundiai.com.br\/news\/wp-json\/wp\/v2\/posts\/89410\/revisions\/89412"}],"wp:featuredmedia":[{"embeddable":true,"href":"https:\/\/tvtecjundiai.com.br\/news\/wp-json\/wp\/v2\/media\/89411"}],"wp:attachment":[{"href":"https:\/\/tvtecjundiai.com.br\/news\/wp-json\/wp\/v2\/media?parent=89410"}],"wp:term":[{"taxonomy":"category","embeddable":true,"href":"https:\/\/tvtecjundiai.com.br\/news\/wp-json\/wp\/v2\/categories?post=89410"},{"taxonomy":"post_tag","embeddable":true,"href":"https:\/\/tvtecjundiai.com.br\/news\/wp-json\/wp\/v2\/tags?post=89410"}],"curies":[{"name":"wp","href":"https:\/\/api.w.org\/{rel}","templated":true}]}}