{"id":89435,"date":"2022-02-26T15:30:09","date_gmt":"2022-02-26T18:30:09","guid":{"rendered":"https:\/\/tvtecjundiai.com.br\/news\/?p=89435"},"modified":"2022-02-26T15:30:17","modified_gmt":"2022-02-26T18:30:17","slug":"jundiai-reitera-compromisso-e-apresenta-resultados-do-pacto-global-da-onu","status":"publish","type":"post","link":"https:\/\/tvtecjundiai.com.br\/news\/2022\/02\/26\/jundiai-reitera-compromisso-e-apresenta-resultados-do-pacto-global-da-onu\/","title":{"rendered":"Jundia\u00ed reitera compromisso e apresenta resultados do Pacto Global da ONU."},"content":{"rendered":"\n<p>Por meio da Unidade de Gest\u00e3o de Governo e Finan\u00e7as, a Prefeitura de Jundia\u00ed submeteu, nesta semana, sua presta\u00e7\u00e3o de contas das a\u00e7\u00f5es dos \u00faltimos dois anos relativas \u00e0 ades\u00e3o ao Pacto Global Na\u00e7\u00f5es Unidas (ONU).<\/p>\n\n\n\n<p>Lan\u00e7ado em 2000 pelo ent\u00e3o secret\u00e1rio-geral das Na\u00e7\u00f5es Unidas, Kofi Annan, o Pacto Global \u00e9 uma chamada para as empresas e entidades governamentais alinharem suas estrat\u00e9gias e opera\u00e7\u00f5es a 10 princ\u00edpios universais nas \u00e1reas de Direitos Humanos, Trabalho, Meio Ambiente e Anticorrup\u00e7\u00e3o e desenvolverem a\u00e7\u00f5es que contribuam para o enfrentamento dos desafios da sociedade.<\/p>\n\n\n\n<figure class=\"wp-block-image\"><img decoding=\"async\" src=\"https:\/\/jundiai.sp.gov.br\/noticias\/wp-content\/uploads\/sites\/32\/2022\/02\/49556424127_1a5ed56776_h.jpg\" alt=\"\" class=\"wp-image-286918\" \/><\/figure>\n\n\n\n<p>\u00c9 hoje a maior iniciativa de sustentabilidade corporativa do mundo, com mais de 16 mil membros, entre empresas e organiza\u00e7\u00f5es, distribu\u00eddos em 69 redes locais, que abrangem 160 pa\u00edses.<\/p>\n\n\n\n<p>Desta forma, a Prefeitura de Jundia\u00ed se comprometeu a cumprir com os Objetivos de Desenvolvimento Sustent\u00e1vel (ODS) \u2013&nbsp; indicadores globais que buscam acabar com a pobreza, proteger o meio ambiente e o clima, al\u00e9m de garantir que as pessoas, em todos os lugares, possam desfrutar de paz e de prosperidade -.<\/p>\n\n\n\n<p>O Pacto Global tamb\u00e9m \u00e9 voltado a uma gest\u00e3o eficiente, transparente direcionado ao desenvolvimento social. \u201cJundia\u00ed \u00e9 uma cidade inteligente, focada na gera\u00e7\u00e3o de emprego e renda e comprometida com medidas que garantam mais qualidade de vida para a sua popula\u00e7\u00e3o. \u00c9 motivo de orgulho ser parte de um Pacto Global que, entre outros objetivos, busca como resultados um futuro mais justo e sustent\u00e1vel\u201d, afirma o prefeito Luiz Fernando Machado.<\/p>\n\n\n\n<p>O Pacto Global da ONU \u00e9 a maior iniciativa de sustentabilidade empresarial do mundo. Sendo assim, a presta\u00e7\u00e3o de contas \u00e9 baseada nas a\u00e7\u00f5es realizadas pelo governo municipal em rela\u00e7\u00e3o aos quatro eixos.<\/p>\n\n\n\n<p>O gestor da Unidade de Gest\u00e3o de Governo e Finan\u00e7as, Jos\u00e9 Antonio Parimoschi, reitera a import\u00e2ncia de um governo preocupado n\u00e3o s\u00f3 com o desenvolvimento econ\u00f4mico, mas tamb\u00e9m com uma gest\u00e3o sustent\u00e1vel. \u201cTemos a Agenda Jundia\u00ed 2030, voltada \u00e0 preserva\u00e7\u00e3o do meio ambiente e com a\u00e7\u00f5es de pol\u00edticas p\u00fablicas que buscam diminuir a pobreza e dar melhor qualidade de vida para a popula\u00e7\u00e3o, mas sempre de maneira sustent\u00e1vel. Tudo est\u00e1 atrelado ao contexto de cidade inteligente,&nbsp; desenvolvida e socialmente justa\u201d, afirma.<\/p>\n\n\n\n<p>A presta\u00e7\u00e3o de contas realizada&nbsp; est\u00e1 semana reafirma a participa\u00e7\u00e3o de Jundia\u00ed ao Pacto Global, inclusive com carta encaminhada pelo Prefeito Luiz Fernando Machado reafirmando o compromisso. O documento foi submetido ao COE (Comunica\u00e7\u00e3o de Engajamento), que por meio de um reporte peri\u00f3dico (COP ou COE) \u00e9 poss\u00edvel acompanhar o progresso das organiza\u00e7\u00f5es integrantes do Pacto Global em rela\u00e7\u00e3o aos 10 princ\u00edpios de ODS.<\/p>\n\n\n\n<p>A submiss\u00e3o do COE \u00e9 obrigat\u00f3ria para continuidade no Pacto Global. As informa\u00e7\u00f5es que foram para o documento de presta\u00e7\u00e3o de contas 2022 contou com a participa\u00e7\u00e3o de todas as Unidades de Gest\u00e3o e contou com a coordena\u00e7\u00e3o da UGGF e da UGDECT. As a\u00e7\u00f5es de Jundia\u00ed pode ser encontrada neste link.<\/p>\n\n\n\n<p>Fon<em>te: Prefeitura de Jundia\u00ed<\/em><\/p>\n","protected":false},"excerpt":{"rendered":"<p>A Prefeitura de Jundia\u00ed se comprometeu a cumprir com os Objetivos de Desenvolvimento Sustent\u00e1vel (ODS)<\/p>\n","protected":false},"author":9,"featured_media":89436,"comment_status":"closed","ping_status":"closed","sticky":false,"template":"","format":"standard","meta":{"footnotes":""},"categories":[1],"tags":[],"class_list":["post-89435","post","type-post","status-publish","format-standard","has-post-thumbnail","hentry","category-noticias"],"_links":{"self":[{"href":"https:\/\/tvtecjundiai.com.br\/news\/wp-json\/wp\/v2\/posts\/89435","targetHints":{"allow":["GET"]}}],"collection":[{"href":"https:\/\/tvtecjundiai.com.br\/news\/wp-json\/wp\/v2\/posts"}],"about":[{"href":"https:\/\/tvtecjundiai.com.br\/news\/wp-json\/wp\/v2\/types\/post"}],"author":[{"embeddable":true,"href":"https:\/\/tvtecjundiai.com.br\/news\/wp-json\/wp\/v2\/users\/9"}],"replies":[{"embeddable":true,"href":"https:\/\/tvtecjundiai.com.br\/news\/wp-json\/wp\/v2\/comments?post=89435"}],"version-history":[{"count":1,"href":"https:\/\/tvtecjundiai.com.br\/news\/wp-json\/wp\/v2\/posts\/89435\/revisions"}],"predecessor-version":[{"id":89437,"href":"https:\/\/tvtecjundiai.com.br\/news\/wp-json\/wp\/v2\/posts\/89435\/revisions\/89437"}],"wp:featuredmedia":[{"embeddable":true,"href":"https:\/\/tvtecjundiai.com.br\/news\/wp-json\/wp\/v2\/media\/89436"}],"wp:attachment":[{"href":"https:\/\/tvtecjundiai.com.br\/news\/wp-json\/wp\/v2\/media?parent=89435"}],"wp:term":[{"taxonomy":"category","embeddable":true,"href":"https:\/\/tvtecjundiai.com.br\/news\/wp-json\/wp\/v2\/categories?post=89435"},{"taxonomy":"post_tag","embeddable":true,"href":"https:\/\/tvtecjundiai.com.br\/news\/wp-json\/wp\/v2\/tags?post=89435"}],"curies":[{"name":"wp","href":"https:\/\/api.w.org\/{rel}","templated":true}]}}