{"id":89438,"date":"2022-02-26T18:03:11","date_gmt":"2022-02-26T21:03:11","guid":{"rendered":"https:\/\/tvtecjundiai.com.br\/news\/?p=89438"},"modified":"2022-02-26T18:03:16","modified_gmt":"2022-02-26T21:03:16","slug":"jundiai-chega-a-65-das-criancas-vacinadas","status":"publish","type":"post","link":"https:\/\/tvtecjundiai.com.br\/news\/2022\/02\/26\/jundiai-chega-a-65-das-criancas-vacinadas\/","title":{"rendered":"Jundia\u00ed chega a 65% das crian\u00e7as vacinadas"},"content":{"rendered":"\n<h2 class=\"wp-block-heading\"><\/h2>\n\n\n\n<p>Ap\u00f3s mais um dia dedicado \u00e0 vacina\u00e7\u00e3o infantil, Jundia\u00ed atingiu a marca de 65% de suas crian\u00e7as vacinadas pelo menos com a primeira dose.<\/p>\n\n\n\n<p>Neste s\u00e1bado (26), fora 1065 doses aplicadas em crian\u00e7as entre 5 e 11 anos, e mais 1800 doses para aqueles com mais de 12 anos, somando 2.865 doses em todos os locais de vacina\u00e7\u00e3o.<\/p>\n\n\n\n<p>Com isso, Jundia\u00ed chega \u00e0 marca de 23.289 crian\u00e7as de 5 a 11 anos j\u00e1 vacinadas compelo menos uma dose, que correspondem a aproximadamente 65% de todos os 35 mil jundiaienses nesta faixa et\u00e1ria.<\/p>\n\n\n\n<p>As crian\u00e7as com 5 anos e ou 5 a 11 anos com comorbidades ou defici\u00eancias permanentes recebem doses da Pfizer pedi\u00e1trica. A segunda dose para esse grupo ser\u00e1 aplicada com oito semanas de prazo. J\u00e1 as crian\u00e7as entre 6 a 11 anos, a aplica\u00e7\u00e3o ser\u00e1 da dose Coronavac, que tem prazo de 28 dias para a segunda aplica\u00e7\u00e3o. Ambos os casos j\u00e1 saem da primeira aplica\u00e7\u00e3o com a agenda autom\u00e1tica da segunda dose.<\/p>\n\n\n\n<figure class=\"wp-block-image\"><img decoding=\"async\" src=\"https:\/\/jundiai.sp.gov.br\/noticias\/wp-content\/uploads\/sites\/32\/2022\/02\/vacinacao-covid-19-infantil-ubs-vl-hortolandia_c_-49.jpg\" alt=\"\" class=\"wp-image-286914\" \/><figcaption>Boa parte do p\u00fablico infantil j\u00e1 tomou as duas doses da vacina contra a Covid-19<\/figcaption><\/figure>\n\n\n\n<p><strong>Adultos<\/strong><\/p>\n\n\n\n<p>Al\u00e9m da aplica\u00e7\u00e3o das doses nas crian\u00e7as agendadas, o s\u00e1bado tamb\u00e9m foi de foco na regulariza\u00e7\u00e3o da vacina\u00e7\u00e3o da popula\u00e7\u00e3o com 12 anos ou mais, principalmente a terceira dose, realizada tamb\u00e9m no Parque da Uva.<\/p>\n\n\n\n<p>1800 doses fora desrinadas para o p\u00fablico com mais de 12 anos.<\/p>\n\n\n\n<p>J\u00e1 podem receber tr\u00eas doses de vacinas pessoas com 18 anos ou mais que tenham sido vacinadas com Coronavac, Astrazeneca ou Pfizer \u2013 e duas doses aqueles que receberam Janssen. Em Jundia\u00ed s\u00e3o cerca de 106 mil pessoas com alguma dose de vacina contra Covid-19 atrasada. Confira no&nbsp;<a href=\"https:\/\/vacina.jundiai.sp.gov.br\/agendamento\/?mostra=calendario\">site da Prefeitura de Jundia\u00ed<\/a>&nbsp;os locais para a aplica\u00e7\u00e3o, no link Calend\u00e1rio de Vacina\u00e7\u00e3o.<\/p>\n\n\n\n<figure class=\"wp-block-image\"><img decoding=\"async\" src=\"https:\/\/jundiai.sp.gov.br\/noticias\/wp-content\/uploads\/sites\/32\/2022\/02\/vacinacao-covid-19-infantil-ubs-vl-hortolandia_c_-65.jpg\" alt=\"\" class=\"wp-image-286915\" \/><figcaption>O s\u00e1bado foi de vacina\u00e7\u00e3o infantil na UBD da Vila Hortol\u00e2ndia<\/figcaption><\/figure>\n\n\n\n<p><em>Fonte: Prefeitura de Jundia\u00ed<\/em><\/p>\n","protected":false},"excerpt":{"rendered":"<p>Boa parte do p\u00fablico infantil j\u00e1 tomou as duas doses da vacina contra a Covid-19.<\/p>\n","protected":false},"author":9,"featured_media":89439,"comment_status":"closed","ping_status":"closed","sticky":false,"template":"","format":"standard","meta":{"footnotes":""},"categories":[8356,1,8355],"tags":[],"class_list":["post-89438","post","type-post","status-publish","format-standard","has-post-thumbnail","hentry","category-jundiai","category-noticias","category-saude-3"],"_links":{"self":[{"href":"https:\/\/tvtecjundiai.com.br\/news\/wp-json\/wp\/v2\/posts\/89438","targetHints":{"allow":["GET"]}}],"collection":[{"href":"https:\/\/tvtecjundiai.com.br\/news\/wp-json\/wp\/v2\/posts"}],"about":[{"href":"https:\/\/tvtecjundiai.com.br\/news\/wp-json\/wp\/v2\/types\/post"}],"author":[{"embeddable":true,"href":"https:\/\/tvtecjundiai.com.br\/news\/wp-json\/wp\/v2\/users\/9"}],"replies":[{"embeddable":true,"href":"https:\/\/tvtecjundiai.com.br\/news\/wp-json\/wp\/v2\/comments?post=89438"}],"version-history":[{"count":1,"href":"https:\/\/tvtecjundiai.com.br\/news\/wp-json\/wp\/v2\/posts\/89438\/revisions"}],"predecessor-version":[{"id":89440,"href":"https:\/\/tvtecjundiai.com.br\/news\/wp-json\/wp\/v2\/posts\/89438\/revisions\/89440"}],"wp:featuredmedia":[{"embeddable":true,"href":"https:\/\/tvtecjundiai.com.br\/news\/wp-json\/wp\/v2\/media\/89439"}],"wp:attachment":[{"href":"https:\/\/tvtecjundiai.com.br\/news\/wp-json\/wp\/v2\/media?parent=89438"}],"wp:term":[{"taxonomy":"category","embeddable":true,"href":"https:\/\/tvtecjundiai.com.br\/news\/wp-json\/wp\/v2\/categories?post=89438"},{"taxonomy":"post_tag","embeddable":true,"href":"https:\/\/tvtecjundiai.com.br\/news\/wp-json\/wp\/v2\/tags?post=89438"}],"curies":[{"name":"wp","href":"https:\/\/api.w.org\/{rel}","templated":true}]}}