{"id":89450,"date":"2022-02-27T14:22:28","date_gmt":"2022-02-27T17:22:28","guid":{"rendered":"https:\/\/tvtecjundiai.com.br\/news\/?p=89450"},"modified":"2022-02-27T14:22:33","modified_gmt":"2022-02-27T17:22:33","slug":"com-media-movel-de-mortes-em-queda-brasil-registra-753-obitos-por-covid-em-24-h","status":"publish","type":"post","link":"https:\/\/tvtecjundiai.com.br\/news\/2022\/02\/27\/com-media-movel-de-mortes-em-queda-brasil-registra-753-obitos-por-covid-em-24-h\/","title":{"rendered":"Com m\u00e9dia m\u00f3vel de mortes em queda, Brasil registra 753 \u00f3bitos por Covid em 24 h"},"content":{"rendered":"\n<p><\/p>\n\n\n\n<p>O Brasil registrou 753 mortes e 73.808 casos de Covid-19 nas \u00faltimas 24 horas. Os dados foram divulgados pelo Conselho Nacional de Secret\u00e1rios de Sa\u00fade (Conass) neste s\u00e1bado (26).<\/p>\n\n\n\n<p>O pa\u00eds teve queda na m\u00e9dia m\u00f3vel de \u00f3bitos pelo sexto dia consecutivo, chegando a 719, menor n\u00famero desde 4 de fevereiro, quando o \u00edndice estava em 659.<\/p>\n\n\n\n<p>J\u00e1 a m\u00e9dia m\u00f3vel de casos, caiu pelo 17\u00ba dia consecutivo, chegando a 82.352 \u2013 o n\u00famero mais baixo desde 18 de janeiro.<\/p>\n\n\n\n<p>As m\u00e9dias m\u00f3veis consideram a m\u00e9dia dos n\u00fameros registrados nos \u00faltimos sete dias e servem para acompanhar os indicadores da pandemia sem eventuais distor\u00e7\u00f5es causadas por subnotifica\u00e7\u00f5es aos finais de semana.<\/p>\n\n\n\n<p>Desde o in\u00edcio da pandemia, o pa\u00eds j\u00e1 registrou 28.744.050 casos de Covid-19 e 648.913 \u00f3bitos pela doen\u00e7a.<\/p>\n\n\n\n<p>F<em>onte: CNN Brasil<\/em><\/p>\n","protected":false},"excerpt":{"rendered":"<p>Os dados foram divulgados pelo Conselho Nacional de Secret\u00e1rios de Sa\u00fade (Conass).<\/p>\n","protected":false},"author":9,"featured_media":86774,"comment_status":"closed","ping_status":"closed","sticky":false,"template":"","format":"standard","meta":{"footnotes":""},"categories":[1,8355],"tags":[],"class_list":["post-89450","post","type-post","status-publish","format-standard","has-post-thumbnail","hentry","category-noticias","category-saude-3"],"_links":{"self":[{"href":"https:\/\/tvtecjundiai.com.br\/news\/wp-json\/wp\/v2\/posts\/89450","targetHints":{"allow":["GET"]}}],"collection":[{"href":"https:\/\/tvtecjundiai.com.br\/news\/wp-json\/wp\/v2\/posts"}],"about":[{"href":"https:\/\/tvtecjundiai.com.br\/news\/wp-json\/wp\/v2\/types\/post"}],"author":[{"embeddable":true,"href":"https:\/\/tvtecjundiai.com.br\/news\/wp-json\/wp\/v2\/users\/9"}],"replies":[{"embeddable":true,"href":"https:\/\/tvtecjundiai.com.br\/news\/wp-json\/wp\/v2\/comments?post=89450"}],"version-history":[{"count":1,"href":"https:\/\/tvtecjundiai.com.br\/news\/wp-json\/wp\/v2\/posts\/89450\/revisions"}],"predecessor-version":[{"id":89451,"href":"https:\/\/tvtecjundiai.com.br\/news\/wp-json\/wp\/v2\/posts\/89450\/revisions\/89451"}],"wp:featuredmedia":[{"embeddable":true,"href":"https:\/\/tvtecjundiai.com.br\/news\/wp-json\/wp\/v2\/media\/86774"}],"wp:attachment":[{"href":"https:\/\/tvtecjundiai.com.br\/news\/wp-json\/wp\/v2\/media?parent=89450"}],"wp:term":[{"taxonomy":"category","embeddable":true,"href":"https:\/\/tvtecjundiai.com.br\/news\/wp-json\/wp\/v2\/categories?post=89450"},{"taxonomy":"post_tag","embeddable":true,"href":"https:\/\/tvtecjundiai.com.br\/news\/wp-json\/wp\/v2\/tags?post=89450"}],"curies":[{"name":"wp","href":"https:\/\/api.w.org\/{rel}","templated":true}]}}