{"id":89460,"date":"2022-02-28T14:48:51","date_gmt":"2022-02-28T17:48:51","guid":{"rendered":"https:\/\/tvtecjundiai.com.br\/news\/?p=89460"},"modified":"2022-02-28T14:49:01","modified_gmt":"2022-02-28T17:49:01","slug":"teatro-polytheama-divulga-programacao-de-marco-com-atracoes-para-todos-os-gostos","status":"publish","type":"post","link":"https:\/\/tvtecjundiai.com.br\/news\/2022\/02\/28\/teatro-polytheama-divulga-programacao-de-marco-com-atracoes-para-todos-os-gostos\/","title":{"rendered":"Teatro Polytheama divulga programa\u00e7\u00e3o de mar\u00e7o com atra\u00e7\u00f5es para todos os gostos"},"content":{"rendered":"\n<p>O m\u00eas de mar\u00e7o chega ao Teatro Polytheama com atra\u00e7\u00f5es para todos os gostos. Ao longo do m\u00eas, a programa\u00e7\u00e3o traz espet\u00e1culos infantis, com\u00e9dias, stand up, musicais, concerto de m\u00fasica erudita, m\u00fasica orquestral e tragicom\u00e9dia.<\/p>\n\n\n\n<p>Entre as atra\u00e7\u00f5es gratuitas, a Unidade de Gest\u00e3o de Cultura (UGC) apresenta o \u201cF\u00e9rias em Cena\u201d e a edi\u00e7\u00e3o tem\u00e1tica mensal do \u201cM\u00fasica &amp; Hist\u00f3rias\u201d.<\/p>\n\n\n\n<p>Programado para a segunda-feira (14), \u00e0s 19h, o espet\u00e1culo \u201cF\u00e9rias em Cena\u201d traz os trechos desenvolvidos por doze grupos e companhias teatrais da cidade em uma atividade criativa mediada pela diretora art\u00edstica da Companhia de Teatro de Jundia\u00ed, corpo art\u00edstico ligado \u00e0 UGC. Com trechos de projetos propostos pelos grupos, o espet\u00e1culo sem uma linha condutora deve percorrer diversos espa\u00e7os do teatro, explorando o sagu\u00e3o de entrada Ariosto Mila, a sala de espet\u00e1culos Deolinda Copelli, os camarins e at\u00e9 mesmo \u00e1reas externas.<\/p>\n\n\n\n<p>J\u00e1 a edi\u00e7\u00e3o de mar\u00e7o do \u201cM\u00fasica &amp; Hist\u00f3rias\u201d traz mais uma prop\u00f5e mais uma apresenta\u00e7\u00e3o tem\u00e1tica com as performances musicais, teatrais e de dan\u00e7a de artistas da regi\u00e3o.<\/p>\n\n\n\n<figure class=\"wp-block-image\"><img decoding=\"async\" src=\"https:\/\/jundiai.sp.gov.br\/noticias\/wp-content\/uploads\/sites\/32\/2022\/02\/musica-e-historias_musica-regional_teatro-polytheama-256.jpg\" alt=\"\" class=\"wp-image-286770\" \/><figcaption>Lan\u00e7ado pela Cultura com a reabertura do teatro ap\u00f3s a pandemia, o \u201cM\u00fasica &amp; Hist\u00f3rias\u201d chega em mar\u00e7o \u00e0 sua 7\u00aa edi\u00e7\u00e3o<\/figcaption><\/figure>\n\n\n\n<p>A bilheteria on-line do Teatro \u00e9 pela&nbsp;<a href=\"https:\/\/www.sympla.com.br\/\" target=\"_blank\" rel=\"noreferrer noopener\">plataforma Sympla<\/a>. J\u00e1 a bilheteria f\u00edsica funciona de ter\u00e7a a sexta-feira, das 10h \u00e0s 20h. Aos s\u00e1bados, domingos e feriados, a bilheteria funciona somente se houver espet\u00e1culo programado. Das 10h \u00e0s 17h ficam dispon\u00edveis os ingressos da agenda cultural em geral. J\u00e1 a partir desse hor\u00e1rio, ficam dispon\u00edveis somente os ingressos do espet\u00e1culo programado para o dia.<\/p>\n\n\n\n<p>O Teatro Polytheama fica na Rua Bar\u00e3o de Jundia\u00ed, 176, Centro. Mais informa\u00e7\u00f5es podem ser obtidas pelo telefone (11) 4586-2472.<\/p>\n\n\n\n<p>Confira a programa\u00e7\u00e3o completa:<\/p>\n\n\n\n<ul class=\"wp-block-list\"><li>S\u00e1bado (05) \u2013 20h<br><strong>\u201cTributo Show Abba + Bee Gees\u201d<\/strong><br>Classifica\u00e7\u00e3o: Livre \/ Dura\u00e7\u00e3o: 100 minutos \/ G\u00eanero: M\u00fasica<br><a href=\"https:\/\/bileto.sympla.com.br\/event\/71558\/d\/126629\" target=\"_blank\" rel=\"noreferrer noopener\">Ingressos<\/a>: Plateia \u2013 R$100,00 \/ Frisas, camarotes e arquibancada \u2013 R$90,00 \u2013<br>Descontos: Em todos os setores, para ingressos antecipados adquiridos at\u00e9 o dia 04\/03\/2022, sendo: Plateia \u2013 R$90,00 \/ Frisas, camarotes e arquibancada \u2013 R$80,00. Descontos previstos por lei;<\/li><li>Domingo (06) \u2013 16h<br><strong>\u201cA Dama e o Vagabundo, uma trupe canina\u201d<\/strong><br>Classifica\u00e7\u00e3o: a partir de 02 anos \/ Dura\u00e7\u00e3o: 50 minutos \/ G\u00eanero: Infantil \u2013 Com\u00e9dia<br><a rel=\"noreferrer noopener\" href=\"https:\/\/bileto.sympla.com.br\/event\/71559\/d\/126630\" target=\"_blank\">Ingressos<\/a>: Plateia e frisas \u2013 R$40,00<br>Descontos: Em todos os setores, para ingressos antecipados adquiridos at\u00e9 o dia 05\/03\/2022, sendo: Plateia e frisas \u2013 R$20,00. Descontos previstos por lei;<\/li><li>Quarta-feira (09) \u2013 09h30 e 14h30<br><strong>\u201cAlice no Pa\u00eds das Maravilhas\u201d \u2013 Cia. Cambaio<\/strong><br>Classifica\u00e7\u00e3o: Livre \/ Dura\u00e7\u00e3o: 55minutos \/ G\u00eanero: Infantil<br>Ingressos: Plateia e Frisas \u2013 R$40,00<br>Descontos: Grupos escolares pagam R$15,00 cada ingresso. Descontos previstos por lei;<\/li><li>S\u00e1bado (12) \u2013 20h<br><strong>\u201cS\u00e9rie Express\u00e3o Musical 4\u00aa Edi\u00e7\u00e3o \u2013 Concertos Astra Finamax 24\u00aa Edi\u00e7\u00e3o<br>Orquestra Jovem do Theatro S\u00e3o Pedro e o Tenor Eric Herrero\u201d \u2013 Atique &amp; Atique<\/strong><br>Classifica\u00e7\u00e3o: Livre \/ Dura\u00e7\u00e3o: 90 minutos \/ G\u00eanero: Concerto \u2013 M\u00fasica Erudita<br>Ingressos: Todos os setores (plateia, frisas, camarotes e arquibancada) \u2013 R$10,00<br>Descontos previstos por lei;<\/li><li>Domingo (13) \u2013 19h<br><strong>\u201cDilatados com Marco Luque\u201d \u2013 Teatro GT<\/strong><br>Classifica\u00e7\u00e3o: 14 anos \/ Dura\u00e7\u00e3o: 80 minutos \/ G\u00eanero: Humor<br><a href=\"https:\/\/bileto.sympla.com.br\/event\/71366\/d\/125442\" target=\"_blank\" rel=\"noreferrer noopener\">Ingressos<\/a>: Todos os setores (plateia, frisas, camarotes e arquibancada) \u2013 R$80,00.<br>Descontos: Clube GT: 50% de desconto na compra de at\u00e9 dois ingressos. Clientes OBA: Desconto de 50% para a compra de at\u00e9 dois ingressos mediante a apresenta\u00e7\u00e3o do cupom fiscal (m\u00ednimo de R$ 30,00 reais). Descontos previstos por lei;<\/li><li>Segunda-feira (14) \u2013 19h<br><strong>Apresenta\u00e7\u00e3o dos trabalhos desenvolvidos pelo \u201cF\u00e9rias em Cena\u201d \u2013 Companhia de Teatro de Jundia\u00ed<\/strong><br>Grupos participantes: Cena Quatro, Companhia do Acaso, Cia. Fenix, Cia. Paulista, Cia. Techiatto, Cia. Tramp de Palha\u00e7os, Cia. Um do Outro, Giro no Biombo, N\u00facleo H\u00edbrido, Respeit\u00e1vel P\u00fablico, Rick e Kelly e Um Grupo de Teatro<br>Ingressos: Entrada Gratuita (com limite de p\u00fablico, por conta dos deslocamentos pelo teatro);<\/li><li>Quarta-feira (16) \u2013 09h30 e 20h00<br><strong>\u201cO Corti\u00e7o\u201d \u2013 Trapiche<\/strong><br>Classifica\u00e7\u00e3o: 12 anos \/ Dura\u00e7\u00e3o: 60 minutos \/ G\u00eanero: Tragicom\u00e9dia<br><a rel=\"noreferrer noopener\" href=\"https:\/\/bileto.sympla.com.br\/event\/71710\/d\/128163\" target=\"_blank\">Ingressos<\/a>: Todos os setores (plateia, frisas, camarotes e arquibancada) \u2013 R$50,00<br>Descontos: Grupos escolares pagam R$20,00 cada ingresso. Descontos previstos por lei;<\/li><li>S\u00e1bado (19) \u2013 17h30 e 20h<br><strong>\u201cQueen Experience In Concert\u201d \u2013 Teatro GT<\/strong><br>Classifica\u00e7\u00e3o: Livre \/ Dura\u00e7\u00e3o: 80 minutos \/ G\u00eanero: Show musical<br><a rel=\"noreferrer noopener\" href=\"https:\/\/bileto.sympla.com.br\/event\/71367\/d\/125443\" target=\"_blank\">Ingressos<\/a>: Plateia, frisas e camarotes \u2013 R$180,00 \/ Arquibancada \u2013 R$140,00<br>Descontos: Clube GT: 50% de desconto na compra de at\u00e9 dois ingressos. Descontos previstos por lei;<\/li><li>Domingo (20) \u2013 16h<br><strong>\u201cConcerto Marvel\u201d \u2013 Orquestra Filarm\u00f4nica Jundia\u00ed<\/strong><br>Classifica\u00e7\u00e3o: Livre \/ Dura\u00e7\u00e3o: 90 minutos \/ G\u00eanero: M\u00fasica Orquestral<br>Ingressos: Plateia \u2013 R$25,00 \/ Frisas e camarotes \u2013 R$30,00 \/ Arquibancada R$20,00<br>Descontos: Ingressos adquiridos at\u00e9 o dia 18 de mar\u00e7o, ter\u00e3o 20% de desconto. Descontos previstos por lei;<\/li><li>Ter\u00e7a-feira (22) \u2013 das 09h \u00e0s 18h<br><strong>\u201cFestival e Semin\u00e1rio da \u00c1gua 2022\u201d \u2013 IMCI<\/strong><br>Classifica\u00e7\u00e3o: a partir de 18 anos \/ Dura\u00e7\u00e3o: o dia todo \/ G\u00eanero.: Show musical<br>Ingressos: Entrada Franca<br>Os ingressos ser\u00e3o distribu\u00eddos na bilheteria e on-line, em data a ser confirmada pela produ\u00e7\u00e3o;<\/li><li>Sexta-feira (25) e s\u00e1bado (26), \u00e0s 20h, e domingo (27), \u00e0s 19h<br><strong>\u201cConserto Para Dois\u201d \u2013 Raia Produ\u00e7\u00f5es<\/strong><br>Classifica\u00e7\u00e3o: 10 anos \/ Dura\u00e7\u00e3o: 100 minutos \/ G\u00eanero: Com\u00e9dia Musical<br><a href=\"https:\/\/bileto.sympla.com.br\/event\/71649\/d\/127505\" target=\"_blank\" rel=\"noreferrer noopener\">Ingressos<\/a>: Plateia, frisas e camarotes \u2013 R$150,00 \/ Arquibancada \u2013 R$80,00<br>Descontos previstos por lei;<\/li><li>Quarta-feira (30) \u2013 20h<br><strong>\u201cNoite de Gala\u201d \u2013 Instituto Musical<\/strong><br>Classifica\u00e7\u00e3o: Livre \/ Dura\u00e7\u00e3o: 120 minutos \/ G\u00eanero: Musical<br>Ingressos: Entrada Gratuita;<\/li><li>Quinta-feira (31) \u2013 19h30<br>\u201cM\u00fasica &amp; Hist\u00f3rias\u201d \u2013 programa\u00e7\u00e3o tem\u00e1tica mensal com apresenta\u00e7\u00f5es musicais, performances teatrais e de dan\u00e7a, proposta pela Unidade de Gest\u00e3o de Cultura<br>Classifica\u00e7\u00e3o: Livre \/ G\u00eanero: M\u00fasica<br>Ingressos: Entrada Gratuita. A distribui\u00e7\u00e3o de ingressos ter\u00e1 in\u00edcio \u00e0s 10h30 do dia 29\/03, tanto na bilheteria do teatro quanto pela&nbsp;<a href=\"https:\/\/www.sympla.com.br\/\" target=\"_blank\" rel=\"noreferrer noopener\">plataforma Sympla<\/a>. Cada solicitante poder\u00e1 retirar at\u00e9 dois ingressos.<\/li><\/ul>\n","protected":false},"excerpt":{"rendered":"<p>Mais informa\u00e7\u00f5es podem ser obtidas pelo telefone (11) 4586-2472<\/p>\n","protected":false},"author":24,"featured_media":89461,"comment_status":"closed","ping_status":"closed","sticky":false,"template":"","format":"standard","meta":{"footnotes":""},"categories":[1],"tags":[],"class_list":["post-89460","post","type-post","status-publish","format-standard","has-post-thumbnail","hentry","category-noticias"],"_links":{"self":[{"href":"https:\/\/tvtecjundiai.com.br\/news\/wp-json\/wp\/v2\/posts\/89460","targetHints":{"allow":["GET"]}}],"collection":[{"href":"https:\/\/tvtecjundiai.com.br\/news\/wp-json\/wp\/v2\/posts"}],"about":[{"href":"https:\/\/tvtecjundiai.com.br\/news\/wp-json\/wp\/v2\/types\/post"}],"author":[{"embeddable":true,"href":"https:\/\/tvtecjundiai.com.br\/news\/wp-json\/wp\/v2\/users\/24"}],"replies":[{"embeddable":true,"href":"https:\/\/tvtecjundiai.com.br\/news\/wp-json\/wp\/v2\/comments?post=89460"}],"version-history":[{"count":1,"href":"https:\/\/tvtecjundiai.com.br\/news\/wp-json\/wp\/v2\/posts\/89460\/revisions"}],"predecessor-version":[{"id":89462,"href":"https:\/\/tvtecjundiai.com.br\/news\/wp-json\/wp\/v2\/posts\/89460\/revisions\/89462"}],"wp:featuredmedia":[{"embeddable":true,"href":"https:\/\/tvtecjundiai.com.br\/news\/wp-json\/wp\/v2\/media\/89461"}],"wp:attachment":[{"href":"https:\/\/tvtecjundiai.com.br\/news\/wp-json\/wp\/v2\/media?parent=89460"}],"wp:term":[{"taxonomy":"category","embeddable":true,"href":"https:\/\/tvtecjundiai.com.br\/news\/wp-json\/wp\/v2\/categories?post=89460"},{"taxonomy":"post_tag","embeddable":true,"href":"https:\/\/tvtecjundiai.com.br\/news\/wp-json\/wp\/v2\/tags?post=89460"}],"curies":[{"name":"wp","href":"https:\/\/api.w.org\/{rel}","templated":true}]}}