{"id":89509,"date":"2022-03-02T10:31:02","date_gmt":"2022-03-02T13:31:02","guid":{"rendered":"https:\/\/tvtecjundiai.com.br\/news\/?p=89509"},"modified":"2022-03-02T16:18:34","modified_gmt":"2022-03-02T19:18:34","slug":"guarda-municipal-de-jundiai-apreende-45kg-de-drogas-no-jardim-sao-camilo1","status":"publish","type":"post","link":"https:\/\/tvtecjundiai.com.br\/news\/2022\/03\/02\/guarda-municipal-de-jundiai-apreende-45kg-de-drogas-no-jardim-sao-camilo1\/","title":{"rendered":"Guarda Municipal de Jundia\u00ed apreende 4,5kg de drogas no Jardim S\u00e3o Camilo"},"content":{"rendered":"\n<p>Uma grande quantidade de drogas foi apreendida ontem (01) no final da tarde pelo Apoio T\u00e1tico da GMJ no Jardim S\u00e3o Camilo em Jundia\u00ed.<\/p>\n\n\n\n<p>Segundo a GM, a equipe tinha informa\u00e7\u00f5es de uma mulher foragida da justi\u00e7a que estava circulando pela rua Jo\u00e3o Pinheiro dos Santos, quando um grupo de jovens fugiu assim que avistou a viatura.<\/p>\n\n\n\n<p>No local da fuga, os guardas Israel, Odirley e Braga encontraram duas mochilas contendo diversos entorpecentes totalizando 4,5 kg de drogas entre maconha e pinso de crack e coca\u00edna. Duas facas, estiletes e uma mini balan\u00e7a tamb\u00e9m foram apreendidas.<\/p>\n\n\n\n<p>Ningu\u00e9m foi detido.<\/p>\n\n\n\n<p>A ocorr\u00eancia foi apresentada no plant\u00e3o policial onde as drogas ficaram apreendidas.<\/p>\n\n\n\n<p><\/p>\n\n\n\n<figure class=\"wp-block-image size-large\"><img loading=\"lazy\" decoding=\"async\" width=\"719\" height=\"960\" src=\"https:\/\/tvtecjundiai.com.br\/news\/wp-content\/uploads\/sites\/2\/2022\/03\/WhatsApp-Image-2022-03-02-at-08.30.31-719x960.jpeg\" alt=\"\" class=\"wp-image-89510\" srcset=\"https:\/\/tvtecjundiai.com.br\/news\/wp-content\/uploads\/sites\/2\/2022\/03\/WhatsApp-Image-2022-03-02-at-08.30.31-719x960.jpeg 719w, https:\/\/tvtecjundiai.com.br\/news\/wp-content\/uploads\/sites\/2\/2022\/03\/WhatsApp-Image-2022-03-02-at-08.30.31-300x401.jpeg 300w, https:\/\/tvtecjundiai.com.br\/news\/wp-content\/uploads\/sites\/2\/2022\/03\/WhatsApp-Image-2022-03-02-at-08.30.31-768x1026.jpeg 768w, https:\/\/tvtecjundiai.com.br\/news\/wp-content\/uploads\/sites\/2\/2022\/03\/WhatsApp-Image-2022-03-02-at-08.30.31.jpeg 958w\" sizes=\"auto, (max-width: 719px) 100vw, 719px\" \/><\/figure>\n\n\n\n<p><\/p>\n\n\n\n<p><em><strong>(Fonte\/Imagem: Guarda Municipal de Jundia\u00ed)<\/strong><\/em><\/p>\n","protected":false},"excerpt":{"rendered":"<p>Duas facas, estiletes e uma mini balan\u00e7a tamb\u00e9m foram apreendidas.<\/p>\n","protected":false},"author":27,"featured_media":89540,"comment_status":"closed","ping_status":"closed","sticky":false,"template":"","format":"standard","meta":{"footnotes":""},"categories":[8356],"tags":[],"class_list":["post-89509","post","type-post","status-publish","format-standard","has-post-thumbnail","hentry","category-jundiai"],"_links":{"self":[{"href":"https:\/\/tvtecjundiai.com.br\/news\/wp-json\/wp\/v2\/posts\/89509","targetHints":{"allow":["GET"]}}],"collection":[{"href":"https:\/\/tvtecjundiai.com.br\/news\/wp-json\/wp\/v2\/posts"}],"about":[{"href":"https:\/\/tvtecjundiai.com.br\/news\/wp-json\/wp\/v2\/types\/post"}],"author":[{"embeddable":true,"href":"https:\/\/tvtecjundiai.com.br\/news\/wp-json\/wp\/v2\/users\/27"}],"replies":[{"embeddable":true,"href":"https:\/\/tvtecjundiai.com.br\/news\/wp-json\/wp\/v2\/comments?post=89509"}],"version-history":[{"count":1,"href":"https:\/\/tvtecjundiai.com.br\/news\/wp-json\/wp\/v2\/posts\/89509\/revisions"}],"predecessor-version":[{"id":89512,"href":"https:\/\/tvtecjundiai.com.br\/news\/wp-json\/wp\/v2\/posts\/89509\/revisions\/89512"}],"wp:featuredmedia":[{"embeddable":true,"href":"https:\/\/tvtecjundiai.com.br\/news\/wp-json\/wp\/v2\/media\/89540"}],"wp:attachment":[{"href":"https:\/\/tvtecjundiai.com.br\/news\/wp-json\/wp\/v2\/media?parent=89509"}],"wp:term":[{"taxonomy":"category","embeddable":true,"href":"https:\/\/tvtecjundiai.com.br\/news\/wp-json\/wp\/v2\/categories?post=89509"},{"taxonomy":"post_tag","embeddable":true,"href":"https:\/\/tvtecjundiai.com.br\/news\/wp-json\/wp\/v2\/tags?post=89509"}],"curies":[{"name":"wp","href":"https:\/\/api.w.org\/{rel}","templated":true}]}}