{"id":89523,"date":"2022-03-02T13:45:50","date_gmt":"2022-03-02T16:45:50","guid":{"rendered":"https:\/\/tvtecjundiai.com.br\/news\/?p=89523"},"modified":"2022-03-02T13:45:59","modified_gmt":"2022-03-02T16:45:59","slug":"artistas-podem-se-inscrever-para-corpos-artisticos-de-teatro-danca-e-a-orquestra-sinfonica-de-jundiai","status":"publish","type":"post","link":"https:\/\/tvtecjundiai.com.br\/news\/2022\/03\/02\/artistas-podem-se-inscrever-para-corpos-artisticos-de-teatro-danca-e-a-orquestra-sinfonica-de-jundiai\/","title":{"rendered":"Artistas podem se inscrever para corpos art\u00edsticos de Teatro, Dan\u00e7a e a Orquestra Sinf\u00f4nica de Jundia\u00ed"},"content":{"rendered":"\n<p>Est\u00e3o abertas as inscri\u00e7\u00f5es gratuitas para os atores, bailarinos e m\u00fasicos interessados em compor durante a temporada 2022, respectivamente, os Corpos Art\u00edsticos de Teatro, Dan\u00e7a e M\u00fasica (Orquestra Sinf\u00f4nica Municipal de Jundia\u00ed \u2013 OSMJ), vinculados \u00e0 Unidade de Gest\u00e3o de Cultura (UGC).<\/p>\n\n\n\n<p>Os editais, publicados pela Funda\u00e7\u00e3o Casa da Cultura e Esportes, podem ser&nbsp;<a href=\"https:\/\/cultura.jundiai.sp.gov.br\/editais-e-regulamentos\/\" target=\"_blank\" rel=\"noreferrer noopener\">conferidos no site da Cultura, e as inscri\u00e7\u00f5es gratuitas podem ser feitas at\u00e9 o dia 11 de abril<\/a>.<\/p>\n\n\n\n<p>Para o superintendente da Funda\u00e7\u00e3o e gestor da UGC, Marcelo Peroni, corpos art\u00edsticos visam ao est\u00edmulo da cria\u00e7\u00e3o art\u00edstica. \u201cCom estes editais, o Munic\u00edpio revela novos talentos e fomenta a produ\u00e7\u00e3o art\u00edstica, ampliando a oferta cultural, refor\u00e7a e cumpre as determina\u00e7\u00f5es do Plano de Governo do Prefeito Luiz Fernando Machado. \u201d<\/p>\n\n\n\n<p>Para o&nbsp;<a href=\"https:\/\/cultura.jundiai.sp.gov.br\/wp-content\/uploads\/2022\/02\/EDITAL-TEATRO-2022.pdf\" target=\"_blank\" rel=\"noreferrer noopener\">Corpo Art\u00edstico de Teatro<\/a>&nbsp;ser\u00e3o selecionados 16 atores, profissionais ou amadores, na condi\u00e7\u00e3o de bolsistas, com idade entre 18 e 30 anos, sendo que 50% das vagas ser\u00e3o destinadas para artistas de Jundia\u00ed e as restantes para os de fora. Os selecionados firmar\u00e3o contrato de maio a dezembro deste ano, no valor de R$ 11 mil reais, pagos em dez parcelas mensais, para cumprimento de carga hor\u00e1ria semanal de trabalho durante a temporada ser\u00e1 de 24 horas, para a realiza\u00e7\u00e3o de ensaios, montagens de espet\u00e1culos, workshops, oficinas e debates.<\/p>\n\n\n\n<p><a rel=\"noreferrer noopener\" href=\"https:\/\/docs.google.com\/forms\/d\/1w7L7ww1OLDqUqsL3nbljW1x9Abksa1G3iWpDOF6NKo8\/edit\" target=\"_blank\">FA\u00c7A SUA INSCRI\u00c7\u00c3O PARA O CORPO ART\u00cdSTICO DE TEATRO<\/a><\/p>\n\n\n\n<figure class=\"wp-block-image size-large\"><img loading=\"lazy\" decoding=\"async\" width=\"1200\" height=\"801\" src=\"https:\/\/tvtecjundiai.com.br\/news\/wp-content\/uploads\/sites\/2\/2022\/03\/cia_de_teatro_emeb_pedro_de_oliveira-130-1200x801.jpg\" alt=\"\" class=\"wp-image-89524\" srcset=\"https:\/\/tvtecjundiai.com.br\/news\/wp-content\/uploads\/sites\/2\/2022\/03\/cia_de_teatro_emeb_pedro_de_oliveira-130-1200x801.jpg 1200w, https:\/\/tvtecjundiai.com.br\/news\/wp-content\/uploads\/sites\/2\/2022\/03\/cia_de_teatro_emeb_pedro_de_oliveira-130-300x200.jpg 300w, https:\/\/tvtecjundiai.com.br\/news\/wp-content\/uploads\/sites\/2\/2022\/03\/cia_de_teatro_emeb_pedro_de_oliveira-130-768x512.jpg 768w, https:\/\/tvtecjundiai.com.br\/news\/wp-content\/uploads\/sites\/2\/2022\/03\/cia_de_teatro_emeb_pedro_de_oliveira-130.jpg 1280w\" sizes=\"auto, (max-width: 1200px) 100vw, 1200px\" \/><figcaption>Ser\u00e3o contratados para o Corpo Art\u00edstico de Teatro 16 atores, profissionais ou amadores<\/figcaption><\/figure>\n\n\n\n<p>J\u00e1 para o\u00a0<a rel=\"noreferrer noopener\" href=\"https:\/\/cultura.jundiai.sp.gov.br\/wp-content\/uploads\/2022\/02\/EDITAL-DANCA-2022.pdf\" target=\"_blank\">Corpo Art\u00edstico de Dan\u00e7a<\/a>\u00a0ser\u00e3o selecionados 11 bailarinos, sendo sete bailarinos profissionais e quatro bailarinos bolsistas, com idades entre 18 e 26 anos. Para o preenchimento das vagas ser\u00e1 adotado o crit\u00e9rio de 50% para bailarinos de Jundia\u00ed e o restante para os de fora. Os contratos firmados ser\u00e3o de maio a dezembro deste ano, no valor at\u00e9 R$ 21 mil para os profissionais e de at\u00e9 R$ 11 mil para os bolsistas, pagos em dez parcelas mensais, tamb\u00e9m para cumprimento de carga hor\u00e1ria semanal de trabalho durante a temporada que ser\u00e1 de 24 horas, para a realiza\u00e7\u00e3o de ensaios, montagens de espet\u00e1culos, workshops, oficinas e debates.<\/p>\n\n\n\n<p>FA\u00c7A SUA INSCRI\u00c7\u00c3O PARA O CORPO ART\u00cdSTICO DE DAN\u00c7A COMO\u00a0<a rel=\"noreferrer noopener\" href=\"https:\/\/docs.google.com\/forms\/d\/1raaHfyrXrEYpLZM00vhBropvcbNAOoE-2OYa4ehQM3s\/edit\" target=\"_blank\">PROFISSIONAL<\/a>\u00a0E\u00a0<a rel=\"noreferrer noopener\" href=\"https:\/\/docs.google.com\/forms\/d\/1fDmUZZSUZKLB0etcZ6k5YBHy7i-vNvgqEq18cY9hO_w\/edit\" target=\"_blank\">BOLSISTA<\/a><\/p>\n\n\n\n<figure class=\"wp-block-image size-full\"><img loading=\"lazy\" decoding=\"async\" width=\"982\" height=\"655\" src=\"https:\/\/tvtecjundiai.com.br\/news\/wp-content\/uploads\/sites\/2\/2022\/03\/espetaculo-cia-jovem-de-danca-no-polytheama_c_-46.jpg\" alt=\"\" class=\"wp-image-89525\" srcset=\"https:\/\/tvtecjundiai.com.br\/news\/wp-content\/uploads\/sites\/2\/2022\/03\/espetaculo-cia-jovem-de-danca-no-polytheama_c_-46.jpg 982w, https:\/\/tvtecjundiai.com.br\/news\/wp-content\/uploads\/sites\/2\/2022\/03\/espetaculo-cia-jovem-de-danca-no-polytheama_c_-46-300x200.jpg 300w, https:\/\/tvtecjundiai.com.br\/news\/wp-content\/uploads\/sites\/2\/2022\/03\/espetaculo-cia-jovem-de-danca-no-polytheama_c_-46-768x512.jpg 768w\" sizes=\"auto, (max-width: 982px) 100vw, 982px\" \/><figcaption>Para o Corpo Art\u00edstico de Dan\u00e7a ser\u00e3o selecionados 11 bailarinos, com idades entre 18 e 26 anos<\/figcaption><\/figure>\n\n\n\n<p>Finalmente, para a&nbsp;<a href=\"https:\/\/cultura.jundiai.sp.gov.br\/wp-content\/uploads\/2022\/02\/EDITAL-ORQUESTRA-2022.pdf\" target=\"_blank\" rel=\"noreferrer noopener\">Orquestra Sinf\u00f4nica Municipal de Jundia\u00ed (OSMJ)<\/a>&nbsp;ser\u00e3o selecionados um regente assistente e um assistente de musicotec\u00e1rio com idade at\u00e9 30 anos, e os seguintes m\u00fasicos para os respectivos instrumentos, com idades de at\u00e9 26 anos: 12 violinos, cinco violas, tr\u00eas violoncelos, dois contrabaixos, tr\u00eas flautas (sendo uma vaga para flauta e piccolo), dois obo\u00e9s, dois clarinetes, dois fagotes, quatro trompas, tr\u00eas trompetes e tr\u00eas percussionistas. Os selecionados ser\u00e3o contratados como bolsistas e receber\u00e3o R$1.100,00 pelo per\u00edodo de 12 meses.<\/p>\n\n\n\n<figure class=\"wp-block-image size-full\"><img loading=\"lazy\" decoding=\"async\" width=\"952\" height=\"635\" src=\"https:\/\/tvtecjundiai.com.br\/news\/wp-content\/uploads\/sites\/2\/2022\/03\/apresentacao-orquestra-municipal-no-polytheama_c_-48.jpg\" alt=\"\" class=\"wp-image-89526\" srcset=\"https:\/\/tvtecjundiai.com.br\/news\/wp-content\/uploads\/sites\/2\/2022\/03\/apresentacao-orquestra-municipal-no-polytheama_c_-48.jpg 952w, https:\/\/tvtecjundiai.com.br\/news\/wp-content\/uploads\/sites\/2\/2022\/03\/apresentacao-orquestra-municipal-no-polytheama_c_-48-300x200.jpg 300w, https:\/\/tvtecjundiai.com.br\/news\/wp-content\/uploads\/sites\/2\/2022\/03\/apresentacao-orquestra-municipal-no-polytheama_c_-48-768x512.jpg 768w\" sizes=\"auto, (max-width: 952px) 100vw, 952px\" \/><figcaption>Inscri\u00e7\u00f5es para a OSMJ tamb\u00e9m v\u00e3o at\u00e9 o dia 11 de abril<\/figcaption><\/figure>\n\n\n\n<p><a rel=\"noreferrer noopener\" href=\"https:\/\/docs.google.com\/forms\/d\/1DPyZ-HeAGuVXIj3NPNbM6MPVRXRsGlcJtNzosFfji4A\/edit\" target=\"_blank\">FA\u00c7A SUA INSCRI\u00c7\u00c3O PARA A OSMJ<\/a><\/p>\n\n\n\n<p>Os editais completos podem ser obtidos no site da Cultura \u00a0e mais informa\u00e7\u00f5es pelos e-mails\u00a0<a href=\"mailto:fundacao@jundiai.sp.gov.br\">fundacao@jundiai.sp.gov.br<\/a>\u00a0ou\u00a0<a href=\"mailto:fccsuporte@jundiai.sp.gov.br\">fccsuporte@jundiai.sp.gov.br<\/a>, \u00a0e pelo telefone da Funda\u00e7\u00e3o Casa da Cultura (11) 4806-0514.<\/p>\n\n\n\n<p><strong><em>(Fonte\/Imagens: Prefeitura de Jundia\u00ed)<\/em><\/strong><\/p>\n","protected":false},"excerpt":{"rendered":"<p>Inscri\u00e7\u00f5es s\u00e3o gratuitas e podem ser feitas at\u00e9 o dia 11 de abril<\/p>\n","protected":false},"author":30,"featured_media":89526,"comment_status":"closed","ping_status":"closed","sticky":false,"template":"","format":"standard","meta":{"footnotes":""},"categories":[2833,8356,1],"tags":[],"class_list":["post-89523","post","type-post","status-publish","format-standard","has-post-thumbnail","hentry","category-cultura","category-jundiai","category-noticias"],"_links":{"self":[{"href":"https:\/\/tvtecjundiai.com.br\/news\/wp-json\/wp\/v2\/posts\/89523","targetHints":{"allow":["GET"]}}],"collection":[{"href":"https:\/\/tvtecjundiai.com.br\/news\/wp-json\/wp\/v2\/posts"}],"about":[{"href":"https:\/\/tvtecjundiai.com.br\/news\/wp-json\/wp\/v2\/types\/post"}],"author":[{"embeddable":true,"href":"https:\/\/tvtecjundiai.com.br\/news\/wp-json\/wp\/v2\/users\/30"}],"replies":[{"embeddable":true,"href":"https:\/\/tvtecjundiai.com.br\/news\/wp-json\/wp\/v2\/comments?post=89523"}],"version-history":[{"count":1,"href":"https:\/\/tvtecjundiai.com.br\/news\/wp-json\/wp\/v2\/posts\/89523\/revisions"}],"predecessor-version":[{"id":89527,"href":"https:\/\/tvtecjundiai.com.br\/news\/wp-json\/wp\/v2\/posts\/89523\/revisions\/89527"}],"wp:featuredmedia":[{"embeddable":true,"href":"https:\/\/tvtecjundiai.com.br\/news\/wp-json\/wp\/v2\/media\/89526"}],"wp:attachment":[{"href":"https:\/\/tvtecjundiai.com.br\/news\/wp-json\/wp\/v2\/media?parent=89523"}],"wp:term":[{"taxonomy":"category","embeddable":true,"href":"https:\/\/tvtecjundiai.com.br\/news\/wp-json\/wp\/v2\/categories?post=89523"},{"taxonomy":"post_tag","embeddable":true,"href":"https:\/\/tvtecjundiai.com.br\/news\/wp-json\/wp\/v2\/tags?post=89523"}],"curies":[{"name":"wp","href":"https:\/\/api.w.org\/{rel}","templated":true}]}}