{"id":89539,"date":"2022-03-02T16:22:18","date_gmt":"2022-03-02T19:22:18","guid":{"rendered":"https:\/\/tvtecjundiai.com.br\/news\/?p=89539"},"modified":"2022-03-02T16:22:46","modified_gmt":"2022-03-02T19:22:46","slug":"jundiai-registrou-seis-obitos-e-811-novos-casos-de-covid-19-nesta-quarta-feira-02","status":"publish","type":"post","link":"https:\/\/tvtecjundiai.com.br\/news\/2022\/03\/02\/jundiai-registrou-seis-obitos-e-811-novos-casos-de-covid-19-nesta-quarta-feira-02\/","title":{"rendered":"Jundia\u00ed registrou seis \u00f3bitos e 811 novos casos de COVID-19 nesta quarta-feira (02)"},"content":{"rendered":"\n<p>A Prefeitura de Jundia\u00ed informa que, nesta quarta-feira (2), recebemos 6 notifica\u00e7\u00f5es de \u00f3bitos de residentes na cidade causados pelo Novo Coronav\u00edrus, referentes ao final de semana e ao feriado do Carnaval, at\u00e9 o fechamento deste boletim.<\/p>\n\n\n\n<p>Mulher, 99 anos, portadora de doen\u00e7a cardiovascular cr\u00f4nica. Internou 18\/02 e faleceu 23\/02 no hospital Unimed.<\/p>\n\n\n\n<p>Mulher, 64 anos, portadora de imunopatia. Internou 26\/01 e faleceu 27\/02 no hospital Unimed.<\/p>\n\n\n\n<p>Mulher, 97 anos, portadora de doen\u00e7a neurol\u00f3gica cr\u00f4nica. Internou 15\/02 e faleceu 26\/02 no hospital Pitangueiras.<\/p>\n\n\n\n<p>Homem, 87 anos, portador de doen\u00e7a cardiovascular cr\u00f4nica. Internou 04\/02 e faleceu 28\/02 no S\u00e3o Vicente.<\/p>\n\n\n\n<p>Homem, 77 anos, sem comorbidades registradas. Internou 24\/02 e faleceu 28\/02 no S\u00e3o Vicente.<\/p>\n\n\n\n<p>Mulher, 87 anos, portadora de doen\u00e7a neurol\u00f3gica cr\u00f4nica. Faleceu 25\/02 em outro munic\u00edpio.<\/p>\n\n\n\n<p>At\u00e9 o momento, a cidade registra 1754 \u00f3bitos causados pela COVID-19 desde o in\u00edcio da pandemia.<br><\/p>\n\n\n\n<p><\/p>\n\n\n\n<figure class=\"wp-block-image\"><img decoding=\"async\" src=\"https:\/\/jundiai.sp.gov.br\/noticias\/wp-content\/uploads\/sites\/32\/2022\/03\/modelo-boletim-02-03-747x960.jpg\" alt=\"\" class=\"wp-image-286995\" \/><\/figure>\n\n\n\n<p><em><strong>(Fonte\/Imagem: Prefeitura de Jundia\u00ed)<\/strong><\/em><\/p>\n","protected":false},"excerpt":{"rendered":"<p>A cidade resgitra 652 casos ativos da doen\u00e7a.<\/p>\n","protected":false},"author":27,"featured_media":87103,"comment_status":"closed","ping_status":"closed","sticky":false,"template":"","format":"standard","meta":{"footnotes":""},"categories":[8356],"tags":[],"class_list":["post-89539","post","type-post","status-publish","format-standard","has-post-thumbnail","hentry","category-jundiai"],"_links":{"self":[{"href":"https:\/\/tvtecjundiai.com.br\/news\/wp-json\/wp\/v2\/posts\/89539","targetHints":{"allow":["GET"]}}],"collection":[{"href":"https:\/\/tvtecjundiai.com.br\/news\/wp-json\/wp\/v2\/posts"}],"about":[{"href":"https:\/\/tvtecjundiai.com.br\/news\/wp-json\/wp\/v2\/types\/post"}],"author":[{"embeddable":true,"href":"https:\/\/tvtecjundiai.com.br\/news\/wp-json\/wp\/v2\/users\/27"}],"replies":[{"embeddable":true,"href":"https:\/\/tvtecjundiai.com.br\/news\/wp-json\/wp\/v2\/comments?post=89539"}],"version-history":[{"count":1,"href":"https:\/\/tvtecjundiai.com.br\/news\/wp-json\/wp\/v2\/posts\/89539\/revisions"}],"predecessor-version":[{"id":89541,"href":"https:\/\/tvtecjundiai.com.br\/news\/wp-json\/wp\/v2\/posts\/89539\/revisions\/89541"}],"wp:featuredmedia":[{"embeddable":true,"href":"https:\/\/tvtecjundiai.com.br\/news\/wp-json\/wp\/v2\/media\/87103"}],"wp:attachment":[{"href":"https:\/\/tvtecjundiai.com.br\/news\/wp-json\/wp\/v2\/media?parent=89539"}],"wp:term":[{"taxonomy":"category","embeddable":true,"href":"https:\/\/tvtecjundiai.com.br\/news\/wp-json\/wp\/v2\/categories?post=89539"},{"taxonomy":"post_tag","embeddable":true,"href":"https:\/\/tvtecjundiai.com.br\/news\/wp-json\/wp\/v2\/tags?post=89539"}],"curies":[{"name":"wp","href":"https:\/\/api.w.org\/{rel}","templated":true}]}}