{"id":89659,"date":"2022-03-05T10:12:20","date_gmt":"2022-03-05T13:12:20","guid":{"rendered":"https:\/\/tvtecjundiai.com.br\/news\/?p=89659"},"modified":"2022-03-05T10:15:54","modified_gmt":"2022-03-05T13:15:54","slug":"89659","status":"publish","type":"post","link":"https:\/\/tvtecjundiai.com.br\/news\/2022\/03\/05\/89659\/","title":{"rendered":"\u2018Sexta no Museu\u2019: atra\u00e7\u00f5es musicais e circense agitam o fim de tarde no Centro"},"content":{"rendered":"\n<h2 class=\"wp-block-heading\"><\/h2>\n\n\n\n<p>A \u201cSexta no Museu\u201d come\u00e7ou diferente no fim de tarde desta sexta-feira (04), em pleno cal\u00e7ad\u00e3o da rua Bar\u00e3o de Jundia\u00ed, em frente ao Museu Hist\u00f3rico e Cultural \u2013 Solar do Bar\u00e3o, com a apresenta\u00e7\u00e3o da com\u00e9dia circense \u201cEsta\u00e7\u00e3o Clown\u201d. Com bastante intera\u00e7\u00e3o do p\u00fablico, o palha\u00e7o Cau apresentou brincadeiras e cenas circenses de malabarismo e ilusionismo, atraindo os olhares de quem passava na sa\u00edda do trabalho e a caminho de casa.<\/p>\n\n\n\n<p>Moradora do Residencial Jundia\u00ed, Liliane Ferraz trabalha como divulgadora de produtos no Centro e fez uma pausa para assistir \u00e0 apresenta\u00e7\u00e3o. \u201cEstamos sempre t\u00e3o ocupados com o trabalho e com os afazeres dom\u00e9sticos, que ficamos at\u00e9 maravilhados quando nos deparamos com apresenta\u00e7\u00f5es art\u00edsticas como esta\u201d, comentou.<\/p>\n\n\n\n<figure class=\"wp-block-image\"><img decoding=\"async\" src=\"https:\/\/jundiai.sp.gov.br\/noticias\/wp-content\/uploads\/sites\/32\/2022\/03\/sexta_no_museu-127.jpg\" alt=\"\" class=\"wp-image-287189\" \/><figcaption>Liliane fez uma pausa para assistir \u00e0s cenas improvisadas com\u00e9dia circense \u201cEsta\u00e7\u00e3o Clown\u201d<\/figcaption><\/figure>\n\n\n\n<p>Segundo o diretor de Cultura, Jo\u00e3o Carlos De Luca, a programa\u00e7\u00e3o visa \u00e0 ocupa\u00e7\u00e3o dos equipamentos culturais municipais e ao fomento do trabalho art\u00edstico. \u201cA \u2018Sexta no Museu\u2019 \u00e9 um convite \u00e0 popula\u00e7\u00e3o, para que n\u00e3o s\u00f3 se aproprie e conhe\u00e7a este importante patrim\u00f4nio municipal, que \u00e9 o Solar do Bar\u00e3o, como tamb\u00e9m conhe\u00e7a e prestigie a produ\u00e7\u00e3o art\u00edstica local. \u00c9 muito importante frisar tamb\u00e9m que esta programa\u00e7\u00e3o contempla a contrata\u00e7\u00e3o de artistas selecionados por meio de editais CulturaMais e o Cultura Negra, lan\u00e7ados pela Unidade de Gest\u00e3o de Cultura como a proposta de fomentar o cen\u00e1rio art\u00edstico local\u201d, completou.<\/p>\n\n\n\n<p><a rel=\"noreferrer noopener\" href=\"https:\/\/www.flickr.com\/photos\/prefeituradejundiai\/albums\/72177720296462351\" target=\"_blank\">CONFIRA AS FOTOS DAS \u00daLTIMAS EDI\u00c7\u00d5ES DA \u2018SEXTA NO MUSEU\u2019<\/a><\/p>\n\n\n\n<p>A programa\u00e7\u00e3o desta edi\u00e7\u00e3o da Sexta no Museu seguiu na Sala Jahyr Accioly de Souza, com o show de Sertanejo Ac\u00fastico com Karla Mantovani, Naldo Boy e Cleber Guita. Na sequ\u00eancia, o p\u00fablico p\u00f4de conferir ainda o show \u201cEnCanto\u201d de can\u00e7\u00f5es autorais, cl\u00e1ssicos da MPB, forr\u00f3 e m\u00fasica pop com Rhanna e Tom Nando.<\/p>\n\n\n\n<p>A pr\u00f3xima edi\u00e7\u00e3o da \u201cSexta no Museu\u201d est\u00e1 programada para a sexta-feira (18), a partir das 16h.<\/p>\n\n\n\n<figure class=\"wp-block-image\"><img decoding=\"async\" src=\"https:\/\/jundiai.sp.gov.br\/noticias\/wp-content\/uploads\/sites\/32\/2022\/03\/sexta_no_museu-376.jpg\" alt=\"\" class=\"wp-image-287190\" \/><figcaption>Segunda atra\u00e7\u00e3o da noite foi o show sertanejo com Karla Mantovani, Naldo Boy e Cleber Guita<\/figcaption><\/figure>\n\n\n\n<p><em>Fonte: Prefeitura de Jundia\u00ed<\/em><\/p>\n","protected":false},"excerpt":{"rendered":"<p>A \u2018Sexta no Museu\u2019 \u00e9 um convite \u00e0 popula\u00e7\u00e3o, para que conhe\u00e7a um dos importantes patrim\u00f4nios do munic\u00edpio, que \u00e9 o Solar do Bar\u00e3o.<\/p>\n","protected":false},"author":9,"featured_media":89660,"comment_status":"closed","ping_status":"closed","sticky":false,"template":"","format":"standard","meta":{"footnotes":""},"categories":[2833,8356,8354],"tags":[],"class_list":["post-89659","post","type-post","status-publish","format-standard","has-post-thumbnail","hentry","category-cultura","category-jundiai","category-lazer"],"_links":{"self":[{"href":"https:\/\/tvtecjundiai.com.br\/news\/wp-json\/wp\/v2\/posts\/89659","targetHints":{"allow":["GET"]}}],"collection":[{"href":"https:\/\/tvtecjundiai.com.br\/news\/wp-json\/wp\/v2\/posts"}],"about":[{"href":"https:\/\/tvtecjundiai.com.br\/news\/wp-json\/wp\/v2\/types\/post"}],"author":[{"embeddable":true,"href":"https:\/\/tvtecjundiai.com.br\/news\/wp-json\/wp\/v2\/users\/9"}],"replies":[{"embeddable":true,"href":"https:\/\/tvtecjundiai.com.br\/news\/wp-json\/wp\/v2\/comments?post=89659"}],"version-history":[{"count":2,"href":"https:\/\/tvtecjundiai.com.br\/news\/wp-json\/wp\/v2\/posts\/89659\/revisions"}],"predecessor-version":[{"id":89662,"href":"https:\/\/tvtecjundiai.com.br\/news\/wp-json\/wp\/v2\/posts\/89659\/revisions\/89662"}],"wp:featuredmedia":[{"embeddable":true,"href":"https:\/\/tvtecjundiai.com.br\/news\/wp-json\/wp\/v2\/media\/89660"}],"wp:attachment":[{"href":"https:\/\/tvtecjundiai.com.br\/news\/wp-json\/wp\/v2\/media?parent=89659"}],"wp:term":[{"taxonomy":"category","embeddable":true,"href":"https:\/\/tvtecjundiai.com.br\/news\/wp-json\/wp\/v2\/categories?post=89659"},{"taxonomy":"post_tag","embeddable":true,"href":"https:\/\/tvtecjundiai.com.br\/news\/wp-json\/wp\/v2\/tags?post=89659"}],"curies":[{"name":"wp","href":"https:\/\/api.w.org\/{rel}","templated":true}]}}