{"id":89705,"date":"2022-03-07T11:37:06","date_gmt":"2022-03-07T14:37:06","guid":{"rendered":"https:\/\/tvtecjundiai.com.br\/news\/?p=89705"},"modified":"2022-03-07T11:37:32","modified_gmt":"2022-03-07T14:37:32","slug":"fabrica-das-infancias-japy-passa-a-funcionar-em-novos-horarios-a-partir-desta-semana","status":"publish","type":"post","link":"https:\/\/tvtecjundiai.com.br\/news\/2022\/03\/07\/fabrica-das-infancias-japy-passa-a-funcionar-em-novos-horarios-a-partir-desta-semana\/","title":{"rendered":"F\u00e1brica das Inf\u00e2ncias Japy passa a funcionar em novos hor\u00e1rios a partir desta semana"},"content":{"rendered":"\n<p>A F\u00e1brica das Inf\u00e2ncias Japy passa a funcionar em novos hor\u00e1rios a partir desta semana. Com entrada gratuita, o espa\u00e7o fica aberto agora de ter\u00e7a a sexta-feira, das 9h \u00e0s 17h; e aos s\u00e1bados, domingos e feriados, das 9h \u00e0s 13h. A entrada de visitantes ser\u00e1 permitida somente at\u00e9 30 minutos antes do hor\u00e1rio de fechamento.<\/p>\n\n\n\n<p>\u00c0s segundas-feiras, o espa\u00e7o permanece fechado para manuten\u00e7\u00f5es de rotina e limpeza em geral.<\/p>\n\n\n\n<p>Al\u00e9m de sede do Comit\u00ea das Crian\u00e7as, a F\u00e1brica das Inf\u00e2ncias Japy integra as a\u00e7\u00f5es do programa municipal Cidade das Crian\u00e7as, da Rede Urban95, do professor Francesco Tonucci, da Funda\u00e7\u00e3o Bernard Van Leer e do Instituto Alana. Trata-se de um espa\u00e7o voltado \u00e0 experimenta\u00e7\u00e3o art\u00edstica, formativa, criativa e reflexiva sobre as brincadeiras e as inf\u00e2ncias.<\/p>\n\n\n\n<p>A F\u00e1brica das Inf\u00e2ncias fica na rua Lacerda Franco, 175, Vila Arens.<\/p>\n\n\n\n<figure class=\"wp-block-image\"><img decoding=\"async\" src=\"https:\/\/jundiai.sp.gov.br\/noticias\/wp-content\/uploads\/sites\/32\/2022\/03\/ruas_de_brincar_fabrica_japy-5.jpg\" alt=\"\" class=\"wp-image-287235\" \/><figcaption>Al\u00e9m de sede do Comit\u00ea das Crian\u00e7as, espa\u00e7o \u00e9 voltado \u00e0 experimenta\u00e7\u00e3o art\u00edstica, formativa, criativa e reflexiva sobre as brincadeiras e as inf\u00e2ncias<\/figcaption><\/figure>\n\n\n\n<p><strong><em>(Fonte\/Imagem: Prefeitura de Jundia\u00ed)<\/em><\/strong><\/p>\n","protected":false},"excerpt":{"rendered":"<p>O espa\u00e7o fica aberto agora de ter\u00e7a a sexta-feira, das 9h \u00e0s 17h; e aos s\u00e1bados, domingos e feriados, das 9h \u00e0s 13h.<\/p>\n","protected":false},"author":25,"featured_media":89706,"comment_status":"closed","ping_status":"closed","sticky":false,"template":"","format":"standard","meta":{"footnotes":""},"categories":[2833,2828,1],"tags":[],"class_list":["post-89705","post","type-post","status-publish","format-standard","has-post-thumbnail","hentry","category-cultura","category-educacao","category-noticias"],"_links":{"self":[{"href":"https:\/\/tvtecjundiai.com.br\/news\/wp-json\/wp\/v2\/posts\/89705","targetHints":{"allow":["GET"]}}],"collection":[{"href":"https:\/\/tvtecjundiai.com.br\/news\/wp-json\/wp\/v2\/posts"}],"about":[{"href":"https:\/\/tvtecjundiai.com.br\/news\/wp-json\/wp\/v2\/types\/post"}],"author":[{"embeddable":true,"href":"https:\/\/tvtecjundiai.com.br\/news\/wp-json\/wp\/v2\/users\/25"}],"replies":[{"embeddable":true,"href":"https:\/\/tvtecjundiai.com.br\/news\/wp-json\/wp\/v2\/comments?post=89705"}],"version-history":[{"count":1,"href":"https:\/\/tvtecjundiai.com.br\/news\/wp-json\/wp\/v2\/posts\/89705\/revisions"}],"predecessor-version":[{"id":89707,"href":"https:\/\/tvtecjundiai.com.br\/news\/wp-json\/wp\/v2\/posts\/89705\/revisions\/89707"}],"wp:featuredmedia":[{"embeddable":true,"href":"https:\/\/tvtecjundiai.com.br\/news\/wp-json\/wp\/v2\/media\/89706"}],"wp:attachment":[{"href":"https:\/\/tvtecjundiai.com.br\/news\/wp-json\/wp\/v2\/media?parent=89705"}],"wp:term":[{"taxonomy":"category","embeddable":true,"href":"https:\/\/tvtecjundiai.com.br\/news\/wp-json\/wp\/v2\/categories?post=89705"},{"taxonomy":"post_tag","embeddable":true,"href":"https:\/\/tvtecjundiai.com.br\/news\/wp-json\/wp\/v2\/tags?post=89705"}],"curies":[{"name":"wp","href":"https:\/\/api.w.org\/{rel}","templated":true}]}}