{"id":89708,"date":"2022-03-07T11:55:50","date_gmt":"2022-03-07T14:55:50","guid":{"rendered":"https:\/\/tvtecjundiai.com.br\/news\/?p=89708"},"modified":"2022-03-07T16:32:58","modified_gmt":"2022-03-07T19:32:58","slug":"motoristas-de-ambulancia-celebram-dia-da-mulher-com-orgulho-da-profissao12","status":"publish","type":"post","link":"https:\/\/tvtecjundiai.com.br\/news\/2022\/03\/07\/motoristas-de-ambulancia-celebram-dia-da-mulher-com-orgulho-da-profissao12\/","title":{"rendered":"Motoristas de ambul\u00e2ncia celebram Dia da Mulher com orgulho da profiss\u00e3o"},"content":{"rendered":"\n<p>\u201cQuando eu entrei na sala para fazer a o teste escrito, tinham cinco homens, eles olharam para mim e disseram: mo\u00e7a, voc\u00ea est\u00e1 na sala errada. Eu perguntei: n\u00e3o \u00e9 aqui o processo para condutor de ambul\u00e2ncia? Eles confirmaram. Ent\u00e3o eu disse: estou no lugar certo!\u201d relata Virg\u00ednia Pines, 38 anos, que h\u00e1 um ano trabalha como motorista de ambul\u00e2ncia no Servi\u00e7o de Atendimento a Pacientes Especiais Cr\u00f4nicos (SAEC), sobre o primeiro desafio enfrentado no processo seletivo. Hoje, ela trabalha ao lado de outros 17 condutores, sendo 16 deles homens.<\/p>\n\n\n\n<p>Assim como profiss\u00f5es como piloto de avi\u00e3o, pedreiro, bombeiro, motorista de \u00f4nibus e mec\u00e2nico, a \u00e1rea escolhida por Virg\u00ednia \u00e9 predominantemente ocupada por homens. O fato de ver uma mulher nessas fun\u00e7\u00f5es, causa uma certa surpresa e curiosidade. Neste dia da mulher, vamos conhecer um pouco mais das hist\u00f3rias vivenciadas por duas profissionais que atuam no SAEC.<\/p>\n\n\n\n<p>A rotina come\u00e7a com o check list da ambul\u00e2ncia, que inclui revis\u00e3o dos pneus, verifica\u00e7\u00e3o de n\u00edvel de \u00f3leo, lataria, motor e limpeza. A jornada \u00e9 de 12 horas, dedicadas a transportar pacientes acamados para a realiza\u00e7\u00e3o de exames, hemodi\u00e1lise, sess\u00f5es de fisioterapia e outros tratamentos. No tr\u00e2nsito, o cuidado para garantir o conforto dos pacientes, evitando buracos, passando lentamente em lombadas e desviando com prud\u00eancia de outros ve\u00edculos.<\/p>\n\n\n\n<div class=\"wp-block-image\"><figure class=\"aligncenter size-full is-resized\"><img loading=\"lazy\" decoding=\"async\" src=\"https:\/\/tvtecjundiai.com.br\/news\/wp-content\/uploads\/sites\/2\/2022\/03\/hhh.png\" alt=\"\" class=\"wp-image-89712\" width=\"671\" height=\"495\" srcset=\"https:\/\/tvtecjundiai.com.br\/news\/wp-content\/uploads\/sites\/2\/2022\/03\/hhh.png 792w, https:\/\/tvtecjundiai.com.br\/news\/wp-content\/uploads\/sites\/2\/2022\/03\/hhh-300x221.png 300w, https:\/\/tvtecjundiai.com.br\/news\/wp-content\/uploads\/sites\/2\/2022\/03\/hhh-768x566.png 768w\" sizes=\"auto, (max-width: 671px) 100vw, 671px\" \/><figcaption>Virg\u00ednia trabalha como motorista de ambul\u00e2ncia no SAEC h\u00e1 um ano<\/figcaption><\/figure><\/div>\n\n\n\n<p>Os desafios di\u00e1rios n\u00e3o param por a\u00ed. Envolvem ainda a comprova\u00e7\u00e3o de que s\u00e3o sim capazes. \u201cLevei uma paciente acamada e seu filho para casa. Eu estava sozinha com ambos. Ao chegar na casa outro filho da paciente foi logo questionando: voc\u00ea est\u00e1 sozinha e \u00e9 mulher? Eu respondi sim. Ent\u00e3o ele ordenou: pode chamar outra ambul\u00e2ncia, voc\u00ea vai derrubar minha m\u00e3e. Com calma eu respondi que o acompanhante poderia me auxiliar. Ele se op\u00f4s a ajudar. Pouco depois, j\u00e1 com a m\u00e3e dele dentro de casa, me pediu desculpas e disse: eu achei que voc\u00ea n\u00e3o fosse capaz\u201d, relembra Virg\u00ednia.<\/p>\n\n\n\n<p>\u201cEu estou aqui para fazer o meu melhor e cada vez que algu\u00e9m diz que eu n\u00e3o consigo, eu vou l\u00e1 e provo o contr\u00e1rio. Estar aqui como motorista de ambul\u00e2ncia sempre foi meu sonho e s\u00f3 minha m\u00e3e que j\u00e1 \u00e9 falecida sabe o quanto eu estou feliz por esta conquista, rezei muito para que ela me ajudasse a chegar at\u00e9 aqui e n\u00e3o vou desistir por nada\u201d, relata.<\/p>\n\n\n\n<div class=\"wp-block-image\"><figure class=\"aligncenter size-large is-resized\"><img loading=\"lazy\" decoding=\"async\" src=\"https:\/\/tvtecjundiai.com.br\/news\/wp-content\/uploads\/sites\/2\/2022\/03\/Silvia-e-Virginia-motoristas-de-ambulancia-do-SAEC-1-1069x960.jpg\" alt=\"\" class=\"wp-image-89710\" width=\"671\" height=\"602\" srcset=\"https:\/\/tvtecjundiai.com.br\/news\/wp-content\/uploads\/sites\/2\/2022\/03\/Silvia-e-Virginia-motoristas-de-ambulancia-do-SAEC-1-1069x960.jpg 1069w, https:\/\/tvtecjundiai.com.br\/news\/wp-content\/uploads\/sites\/2\/2022\/03\/Silvia-e-Virginia-motoristas-de-ambulancia-do-SAEC-1-300x269.jpg 300w, https:\/\/tvtecjundiai.com.br\/news\/wp-content\/uploads\/sites\/2\/2022\/03\/Silvia-e-Virginia-motoristas-de-ambulancia-do-SAEC-1-768x689.jpg 768w, https:\/\/tvtecjundiai.com.br\/news\/wp-content\/uploads\/sites\/2\/2022\/03\/Silvia-e-Virginia-motoristas-de-ambulancia-do-SAEC-1.jpg 1280w\" sizes=\"auto, (max-width: 671px) 100vw, 671px\" \/><\/figure><\/div>\n\n\n\n<p>Outra profissional que vivencia as mesmas situa\u00e7\u00f5es \u00e9 Silvia Torturello, 50 anos, que conduz ambul\u00e2ncias no SAEC h\u00e1 12 anos. Mesmo sabendo dos desafios impostos pelo estigma de ser o \u201csexo fr\u00e1gil\u201d, ela mirou no seu sonho de inf\u00e2ncia. \u201cDesde menina eu sempre gostei de dirigir, aprendi com 12 anos. Minhas paix\u00f5es sempre foram os ve\u00edculos grandes, por isso j\u00e1 dirigi van escolar, \u00f4nibus e quando cheguei aqui para dirigir ambul\u00e2ncia me apaixonei. \u00c9 aqui que eu quero estar at\u00e9 me aposentar\u201d, conta.<\/p>\n\n\n\n<p>Segundo Silvia, dentro do local de trabalho tanto ela quanto Virg\u00ednia t\u00eam o apoio dos colegas e incentivo do chefe. \u201cSomos tratadas com muito carinho e respeito, de igual para igual. E o Jo\u00e3o \u2013 se refere ao Jo\u00e3o Fioroti, coordenador do SAEC \u2013 sempre nos deu muito respaldo. Mas nas ruas nem sempre \u00e9 assim. Quando a gente chega, eles \u2013 os pacientes e acompanhantes &#8211; esperam que o motorista seja um homem e n\u00e3o uma mulher, acham que somos t\u00e9cnicas de enfermagem, mas n\u00f3s fazemos o mesmo trabalho que os homens e ao contr\u00e1rio do que muitas pessoas pensam, nem sempre pra carregar um paciente a for\u00e7a \u00e9 o mais importante, mas sim a t\u00e9cnica\u201d, define.<\/p>\n\n\n\n<div class=\"wp-block-image\"><figure class=\"aligncenter size-full is-resized\"><img loading=\"lazy\" decoding=\"async\" src=\"https:\/\/tvtecjundiai.com.br\/news\/wp-content\/uploads\/sites\/2\/2022\/03\/silv.png\" alt=\"\" class=\"wp-image-89711\" width=\"684\" height=\"480\" srcset=\"https:\/\/tvtecjundiai.com.br\/news\/wp-content\/uploads\/sites\/2\/2022\/03\/silv.png 831w, https:\/\/tvtecjundiai.com.br\/news\/wp-content\/uploads\/sites\/2\/2022\/03\/silv-300x210.png 300w, https:\/\/tvtecjundiai.com.br\/news\/wp-content\/uploads\/sites\/2\/2022\/03\/silv-768x539.png 768w\" sizes=\"auto, (max-width: 684px) 100vw, 684px\" \/><figcaption>Silvia conduz ambul\u00e2ncias no SAEC h\u00e1 12 anos<\/figcaption><\/figure><\/div>\n\n\n\n<p>Silvia tem um casal de filhos j\u00e1 adultos, com 30 e 34 anos. Ambos se preocupam com a m\u00e3e e d\u00e3o sempre um jeitinho de saber se est\u00e1 tudo bem, pois sabem que a rotina n\u00e3o requer somente habilidade para dirigir, mas tamb\u00e9m jogo de cintura diante de casos de machismo e falta de respeito. \u201cEles me ligam, mandam mensagens e est\u00e3o sempre em contato. Sinto que eles t\u00eam muito orgulho de mim, principalmente minha filha que enche a boca para falar que eu sou motorista de ambul\u00e2ncia\u201d, conta com um sorriso.<\/p>\n\n\n\n<p>Apesar dos desafios, tanto Virg\u00ednia quanto S\u00edlvia, levam com bom-humor as situa\u00e7\u00f5es relatadas, afinal, para elas, a dire\u00e7\u00e3o \u00e9 uma terapia. \u201cQuando eu estou dirigindo, tiro totalmente meu estresse\u201d, diz Silvia. Ambas definem a profiss\u00e3o de um jeito simples. \u201cMotoristas de ambul\u00e2ncia sim! Com muita honra\u201c.<\/p>\n\n\n\n<p><strong><em>(Fonte\/Imagens: Assessoria Hospital S\u00e3o Vicente)<\/em><\/strong><\/p>\n","protected":false},"excerpt":{"rendered":"<p>Virg\u00ednia e Silvia conduzem ambul\u00e2ncias no Servi\u00e7o de Atendimento a Pacientes Especiais Cr\u00f4nicos (SAEC)<\/p>\n","protected":false},"author":30,"featured_media":89757,"comment_status":"closed","ping_status":"closed","sticky":false,"template":"","format":"standard","meta":{"footnotes":""},"categories":[8356,1],"tags":[],"class_list":["post-89708","post","type-post","status-publish","format-standard","has-post-thumbnail","hentry","category-jundiai","category-noticias"],"_links":{"self":[{"href":"https:\/\/tvtecjundiai.com.br\/news\/wp-json\/wp\/v2\/posts\/89708","targetHints":{"allow":["GET"]}}],"collection":[{"href":"https:\/\/tvtecjundiai.com.br\/news\/wp-json\/wp\/v2\/posts"}],"about":[{"href":"https:\/\/tvtecjundiai.com.br\/news\/wp-json\/wp\/v2\/types\/post"}],"author":[{"embeddable":true,"href":"https:\/\/tvtecjundiai.com.br\/news\/wp-json\/wp\/v2\/users\/30"}],"replies":[{"embeddable":true,"href":"https:\/\/tvtecjundiai.com.br\/news\/wp-json\/wp\/v2\/comments?post=89708"}],"version-history":[{"count":1,"href":"https:\/\/tvtecjundiai.com.br\/news\/wp-json\/wp\/v2\/posts\/89708\/revisions"}],"predecessor-version":[{"id":89713,"href":"https:\/\/tvtecjundiai.com.br\/news\/wp-json\/wp\/v2\/posts\/89708\/revisions\/89713"}],"wp:featuredmedia":[{"embeddable":true,"href":"https:\/\/tvtecjundiai.com.br\/news\/wp-json\/wp\/v2\/media\/89757"}],"wp:attachment":[{"href":"https:\/\/tvtecjundiai.com.br\/news\/wp-json\/wp\/v2\/media?parent=89708"}],"wp:term":[{"taxonomy":"category","embeddable":true,"href":"https:\/\/tvtecjundiai.com.br\/news\/wp-json\/wp\/v2\/categories?post=89708"},{"taxonomy":"post_tag","embeddable":true,"href":"https:\/\/tvtecjundiai.com.br\/news\/wp-json\/wp\/v2\/tags?post=89708"}],"curies":[{"name":"wp","href":"https:\/\/api.w.org\/{rel}","templated":true}]}}