{"id":89734,"date":"2022-03-07T15:33:42","date_gmt":"2022-03-07T18:33:42","guid":{"rendered":"https:\/\/tvtecjundiai.com.br\/news\/?p=89734"},"modified":"2022-03-07T15:37:09","modified_gmt":"2022-03-07T18:37:09","slug":"quadro-leve-ou-moderado-de-covid-19-pode-afetar-sistema-cardiovascular-de-adultos","status":"publish","type":"post","link":"https:\/\/tvtecjundiai.com.br\/news\/2022\/03\/07\/quadro-leve-ou-moderado-de-covid-19-pode-afetar-sistema-cardiovascular-de-adultos\/","title":{"rendered":"Quadro leve ou moderado de COVID-19 pode afetar sistema cardiovascular de adultos"},"content":{"rendered":"\n<p>Estudo conduzido na Universidade Estadual Paulista (Unesp) indica que mesmo a infec\u00e7\u00e3o leve a moderada por SARS-CoV-2 pode provocar desequil\u00edbrio no sistema cardiovascular de adultos jovens e sem doen\u00e7as preexistentes. A pesquisa concluiu ainda que tanto a obesidade quanto o baixo n\u00edvel de atividade f\u00edsica s\u00e3o fatores determinantes no p\u00f3s-COVID-19 que ajudam a alterar o sistema nervoso aut\u00f4nomo, respons\u00e1vel por fun\u00e7\u00f5es vitais do organismo, como press\u00e3o arterial, frequ\u00eancia card\u00edaca e respirat\u00f3ria.<\/p>\n\n\n\n<p>O trabalho, que contou com o&nbsp;apoio&nbsp;da FAPESP (Funda\u00e7\u00e3o de Amparo \u00e0 Pesquisa do Estado de S\u00e3o Paulo), acompanhou indiv\u00edduos entre 20 e 40 anos antes de serem vacinados.<\/p>\n\n\n\n<p>\u201cEsses resultados nos d\u00e3o elementos para incentivar as pessoas para que, mesmo com sintomas leves de COVID, busquem um diagn\u00f3stico mais minucioso ap\u00f3s a contamina\u00e7\u00e3o. A bagagem deflagrada pelo v\u00edrus pode ter consequ\u00eancias e o paciente n\u00e3o sabe\u201d, avalia o coordenador do projeto, professor&nbsp;F\u00e1bio Santos de Lira, do Departamento de Educa\u00e7\u00e3o F\u00edsica da Faculdade de Ci\u00eancias e Tecnologia da Unesp, campus Presidente Prudente. Ele \u00e9 um dos autores do&nbsp;artigo&nbsp;publicado no&nbsp;<em>International Journal of Environmental Research and Public Health<\/em>, na&nbsp;edi\u00e7\u00e3o especial&nbsp;<em>Impact of Lifestyle Interventions in Immune Response, Inflammation and Vascular Health<\/em>.<\/p>\n\n\n\n<p>A pesquisa faz parte de um projeto mais amplo, o&nbsp;FIT-COVID, que tem o objetivo de investigar lacunas no conhecimento cient\u00edfico sobre a doen\u00e7a com foco espec\u00edfico em marcadores imunol\u00f3gicos, inflamat\u00f3rios e metab\u00f3licos, explorando os efeitos modulat\u00f3rios temporais da atividade f\u00edsica e da composi\u00e7\u00e3o corporal.<\/p>\n\n\n\n<p>Para o estudo, os pesquisadores recrutaram pacientes infectados com o SARS-CoV-2 em Presidente Prudente, munic\u00edpio no interior de S\u00e3o Paulo com cerca de 231 mil habitantes e que, at\u00e9 o fim de fevereiro, registrava 39.049 casos confirmados de COVID-19 e 982 mortes.<\/p>\n\n\n\n<p>Os indiv\u00edduos tiveram diagn\u00f3stico confirmado por teste de RT-PCR e infec\u00e7\u00e3o com sintomas leves a moderados. Um grupo de controle saud\u00e1vel foi pareado por idade. No total foram avaliadas 57 pessoas, mas, ap\u00f3s as exclus\u00f5es, 38 foram consideradas no resultado final.<\/p>\n\n\n\n<p>Houve medi\u00e7\u00e3o do \u00edndice de massa corporal (IMC, par\u00e2metro usado para avaliar sobrepeso e obesidade e que corresponde \u00e0 raz\u00e3o entre o peso e a altura ao quadrado) e dos n\u00edveis de atividade f\u00edsica (usando um aceler\u00f4metro triaxial), al\u00e9m da avalia\u00e7\u00e3o do sistema nervoso aut\u00f4nomo por meio da variabilidade da frequ\u00eancia card\u00edaca.<\/p>\n\n\n\n<p>O principal achado foi que, mesmo em infec\u00e7\u00f5es leves e moderadas, adultos jovens contaminados pelo SARS-CoV-2 apresentaram: maior atividade simp\u00e1tica (sistema que ajusta o organismo para suportar situa\u00e7\u00f5es de perigo, esfor\u00e7o intenso e estresse); menor atividade parassimp\u00e1tica (respons\u00e1vel por fazer o corpo se acalmar ap\u00f3s uma situa\u00e7\u00e3o de estresse); e variabilidade global quando comparados aos indiv\u00edduos n\u00e3o infectados. Ou seja, no grupo p\u00f3s-COVID houve aumento da frequ\u00eancia card\u00edaca e menor atividade do organismo para \u201cfrear\u201d essa frequ\u00eancia.<\/p>\n\n\n\n<p>Ao comparar os indiv\u00edduos com sobrepeso e obesidade e\/ou inativos fisicamente, a modula\u00e7\u00e3o auton\u00f4mica card\u00edaca apresentou piores \u00edndices. Com isso, os resultados fornecem novos&nbsp;<em>insights<\/em>&nbsp;sobre o papel do IMC e da atividade f\u00edsica na desregula\u00e7\u00e3o p\u00f3s-infec\u00e7\u00e3o por COVID-19 que podem contribuir para o entendimento da fisiopatologia e do tratamento dos sintomas agudos posteriores.<\/p>\n\n\n\n<p>\u201cN\u00e3o esper\u00e1vamos um sistema cardiovascular t\u00e3o alterado porque eles s\u00e3o jovens e sem outras doen\u00e7as. Nosso trabalho mostra que pessoas infectadas pela COVID, mesmo sem sintomas graves, podem apresentar altera\u00e7\u00f5es funcionais importantes. Por exemplo, essa varia\u00e7\u00e3o na frequ\u00eancia card\u00edaca pode, no futuro, se tornar uma arritmia\u201d, afirma a p\u00f3s-doutoranda na Unesp&nbsp;Luciele Guerra Minuzzi, uma das pesquisadoras que participaram do artigo juntamente com a primeira autora,&nbsp;Ana Paula Coelho Figueira Freire, da Universidade do Oeste Paulista (Unoeste), e com Bruna Spolador de Alencar Silva, tamb\u00e9m p\u00f3s-doutoranda na Unesp e umas das coordenadoras do projeto.<\/p>\n\n\n\n<p>O reflexo dessas varia\u00e7\u00f5es foi registrado em atividades di\u00e1rias dos pacientes, como a capacidade de fazer exerc\u00edcios f\u00edsicos, subir escadas e at\u00e9 caminhar. Eles relataram cansa\u00e7o e fadiga. Para detectar o problema, \u00e9 poss\u00edvel fazer um exame simples, conhecido como teste de caminhada de seis minutos.<\/p>\n\n\n\n<p>Segundo Minuzzi, o grupo j\u00e1 havia mostrado desregula\u00e7\u00f5es metab\u00f3licas \u2013 como maior concentra\u00e7\u00e3o de lip\u00eddios na corrente sangu\u00ednea e glicemia alterada \u2013 em pacientes com SARS-CoV-2 que apresentaram quadros mais graves e com interna\u00e7\u00e3o.<\/p>\n\n\n\n<figure class=\"wp-block-image size-large\"><img loading=\"lazy\" decoding=\"async\" width=\"1200\" height=\"800\" src=\"https:\/\/tvtecjundiai.com.br\/news\/wp-content\/uploads\/sites\/2\/2020\/04\/2-6-1200x800.jpg\" alt=\"\" class=\"wp-image-51231\" srcset=\"https:\/\/tvtecjundiai.com.br\/news\/wp-content\/uploads\/sites\/2\/2020\/04\/2-6-1200x800.jpg 1200w, https:\/\/tvtecjundiai.com.br\/news\/wp-content\/uploads\/sites\/2\/2020\/04\/2-6-300x200.jpg 300w, https:\/\/tvtecjundiai.com.br\/news\/wp-content\/uploads\/sites\/2\/2020\/04\/2-6-768x512.jpg 768w, https:\/\/tvtecjundiai.com.br\/news\/wp-content\/uploads\/sites\/2\/2020\/04\/2-6.jpg 1211w\" sizes=\"auto, (max-width: 1200px) 100vw, 1200px\" \/><\/figure>\n\n\n\n<p>Outro&nbsp;estudo&nbsp;publicado em agosto do ano passado por cientistas da Universidade Estadual Appalachian, na Carolina do Norte (Estados Unidos), apontou que adultos jovens em recupera\u00e7\u00e3o de COVID-19 apresentaram desregula\u00e7\u00e3o auton\u00f4mica. Por\u00e9m, o trabalho utilizou um m\u00e9todo invasivo, enquanto a pesquisa dos brasileiros adotou uma forma de avalia\u00e7\u00e3o mais simples, barata e n\u00e3o invasiva.<\/p>\n\n\n\n<p>\u00c0 \u00e9poca, a conclus\u00e3o foi que houve um impacto fisiol\u00f3gico prolongado da infec\u00e7\u00e3o por SARS-CoV-2, com dura\u00e7\u00e3o de dois a tr\u00eas meses, na frequ\u00eancia card\u00edaca em repouso, o que pode refletir a disfun\u00e7\u00e3o auton\u00f4mica. Os achados foram atribu\u00eddos ao aumento do estado de inflama\u00e7\u00e3o gerado durante a infec\u00e7\u00e3o por COVID-19 e pela infus\u00e3o direta de citocinas inflamat\u00f3rias.<\/p>\n\n\n\n<p><em><strong>(Fonte: Governo de S\u00e3o Paulo\/ Imagem: Hospital S\u00e3o Vicente)<\/strong><\/em><\/p>\n","protected":false},"excerpt":{"rendered":"<p>Tanto a obesidade quanto o baixo n\u00edvel de atividade f\u00edsica s\u00e3o fatores determinantes no p\u00f3s-COVID-19.<\/p>\n","protected":false},"author":27,"featured_media":51231,"comment_status":"closed","ping_status":"closed","sticky":false,"template":"","format":"standard","meta":{"footnotes":""},"categories":[8356],"tags":[],"class_list":["post-89734","post","type-post","status-publish","format-standard","has-post-thumbnail","hentry","category-jundiai"],"_links":{"self":[{"href":"https:\/\/tvtecjundiai.com.br\/news\/wp-json\/wp\/v2\/posts\/89734","targetHints":{"allow":["GET"]}}],"collection":[{"href":"https:\/\/tvtecjundiai.com.br\/news\/wp-json\/wp\/v2\/posts"}],"about":[{"href":"https:\/\/tvtecjundiai.com.br\/news\/wp-json\/wp\/v2\/types\/post"}],"author":[{"embeddable":true,"href":"https:\/\/tvtecjundiai.com.br\/news\/wp-json\/wp\/v2\/users\/27"}],"replies":[{"embeddable":true,"href":"https:\/\/tvtecjundiai.com.br\/news\/wp-json\/wp\/v2\/comments?post=89734"}],"version-history":[{"count":2,"href":"https:\/\/tvtecjundiai.com.br\/news\/wp-json\/wp\/v2\/posts\/89734\/revisions"}],"predecessor-version":[{"id":89739,"href":"https:\/\/tvtecjundiai.com.br\/news\/wp-json\/wp\/v2\/posts\/89734\/revisions\/89739"}],"wp:featuredmedia":[{"embeddable":true,"href":"https:\/\/tvtecjundiai.com.br\/news\/wp-json\/wp\/v2\/media\/51231"}],"wp:attachment":[{"href":"https:\/\/tvtecjundiai.com.br\/news\/wp-json\/wp\/v2\/media?parent=89734"}],"wp:term":[{"taxonomy":"category","embeddable":true,"href":"https:\/\/tvtecjundiai.com.br\/news\/wp-json\/wp\/v2\/categories?post=89734"},{"taxonomy":"post_tag","embeddable":true,"href":"https:\/\/tvtecjundiai.com.br\/news\/wp-json\/wp\/v2\/tags?post=89734"}],"curies":[{"name":"wp","href":"https:\/\/api.w.org\/{rel}","templated":true}]}}