{"id":89745,"date":"2022-03-07T16:05:09","date_gmt":"2022-03-07T19:05:09","guid":{"rendered":"https:\/\/tvtecjundiai.com.br\/news\/?p=89745"},"modified":"2022-03-07T16:05:35","modified_gmt":"2022-03-07T19:05:35","slug":"bazar-do-voluntariado-do-hsv-retorna-na-terca-feira-8","status":"publish","type":"post","link":"https:\/\/tvtecjundiai.com.br\/news\/2022\/03\/07\/bazar-do-voluntariado-do-hsv-retorna-na-terca-feira-8\/","title":{"rendered":"Bazar do Voluntariado do HSV retorna na ter\u00e7a-feira (8)"},"content":{"rendered":"\n<p>Temporariamente suspenso, o Bazar do Voluntariado do Hospital de Caridade S\u00e3o Vicente de Paulo (HSV) retoma suas atividades na ter\u00e7a-feira (8), ap\u00f3s a diminui\u00e7\u00e3o no n\u00famero de casos por s\u00edndrome gripal\/respirat\u00f3ria na cidade. Seguindo todos os protocolos de seguran\u00e7a, o grupo preparou um bazar especial, com pre\u00e7os acess\u00edveis e produtos de qualidade, arrecadados ao longo dos \u00faltimos dois meses.<\/p>\n\n\n\n<p><\/p>\n\n\n\n<figure class=\"wp-block-image size-large\"><img loading=\"lazy\" decoding=\"async\" width=\"1200\" height=\"675\" src=\"https:\/\/tvtecjundiai.com.br\/news\/wp-content\/uploads\/sites\/2\/2022\/03\/Bazar-do-Voluntariado-do-HSV-retorna-na-terca-feira-8-1200x675.jpeg\" alt=\"\" class=\"wp-image-89746\" srcset=\"https:\/\/tvtecjundiai.com.br\/news\/wp-content\/uploads\/sites\/2\/2022\/03\/Bazar-do-Voluntariado-do-HSV-retorna-na-terca-feira-8-1200x675.jpeg 1200w, https:\/\/tvtecjundiai.com.br\/news\/wp-content\/uploads\/sites\/2\/2022\/03\/Bazar-do-Voluntariado-do-HSV-retorna-na-terca-feira-8-300x169.jpeg 300w, https:\/\/tvtecjundiai.com.br\/news\/wp-content\/uploads\/sites\/2\/2022\/03\/Bazar-do-Voluntariado-do-HSV-retorna-na-terca-feira-8-768x432.jpeg 768w, https:\/\/tvtecjundiai.com.br\/news\/wp-content\/uploads\/sites\/2\/2022\/03\/Bazar-do-Voluntariado-do-HSV-retorna-na-terca-feira-8.jpeg 1280w\" sizes=\"auto, (max-width: 1200px) 100vw, 1200px\" \/><\/figure>\n\n\n\n<p>Entre os produtos est\u00e3o itens de decora\u00e7\u00e3o, roupas casuais e festivas para homens, mulheres e crian\u00e7as, brinquedos, eletrodom\u00e9sticos, bolsas, sapatos, entre outras pe\u00e7as e artigos para casa. Os pre\u00e7os variam de R$ 3,00 a R$ 50,00 e o pagamento pode ser feito em dinheiro ou cart\u00e3o de d\u00e9bito. Toda a verba arrecadada ser\u00e1 revertida ao HSV.<\/p>\n\n\n\n<p>O evento acontece at\u00e9 o dia 10 de mar\u00e7o, das 9h \u00e0s 16h, na rua Rua Major Gustavo Adolfo Storck, 26, Vila Virg\u00ednia, em Jundia\u00ed (travessa da Rua do Retiro).\u00a0Participe!<\/p>\n\n\n\n<p><em><strong>(Fonte\/Imagem: Hospital S\u00e3o Vicente)<\/strong><\/em><\/p>\n","protected":false},"excerpt":{"rendered":"<p>O Bazar retoma suas atividades ap\u00f3s a diminui\u00e7\u00e3o de casos de s\u00edndrome gripal\/respirat\u00f3ria na cidade.<\/p>\n","protected":false},"author":27,"featured_media":89747,"comment_status":"closed","ping_status":"closed","sticky":false,"template":"","format":"standard","meta":{"footnotes":""},"categories":[8356],"tags":[],"class_list":["post-89745","post","type-post","status-publish","format-standard","has-post-thumbnail","hentry","category-jundiai"],"_links":{"self":[{"href":"https:\/\/tvtecjundiai.com.br\/news\/wp-json\/wp\/v2\/posts\/89745","targetHints":{"allow":["GET"]}}],"collection":[{"href":"https:\/\/tvtecjundiai.com.br\/news\/wp-json\/wp\/v2\/posts"}],"about":[{"href":"https:\/\/tvtecjundiai.com.br\/news\/wp-json\/wp\/v2\/types\/post"}],"author":[{"embeddable":true,"href":"https:\/\/tvtecjundiai.com.br\/news\/wp-json\/wp\/v2\/users\/27"}],"replies":[{"embeddable":true,"href":"https:\/\/tvtecjundiai.com.br\/news\/wp-json\/wp\/v2\/comments?post=89745"}],"version-history":[{"count":1,"href":"https:\/\/tvtecjundiai.com.br\/news\/wp-json\/wp\/v2\/posts\/89745\/revisions"}],"predecessor-version":[{"id":89748,"href":"https:\/\/tvtecjundiai.com.br\/news\/wp-json\/wp\/v2\/posts\/89745\/revisions\/89748"}],"wp:featuredmedia":[{"embeddable":true,"href":"https:\/\/tvtecjundiai.com.br\/news\/wp-json\/wp\/v2\/media\/89747"}],"wp:attachment":[{"href":"https:\/\/tvtecjundiai.com.br\/news\/wp-json\/wp\/v2\/media?parent=89745"}],"wp:term":[{"taxonomy":"category","embeddable":true,"href":"https:\/\/tvtecjundiai.com.br\/news\/wp-json\/wp\/v2\/categories?post=89745"},{"taxonomy":"post_tag","embeddable":true,"href":"https:\/\/tvtecjundiai.com.br\/news\/wp-json\/wp\/v2\/tags?post=89745"}],"curies":[{"name":"wp","href":"https:\/\/api.w.org\/{rel}","templated":true}]}}