{"id":89777,"date":"2022-03-08T11:50:48","date_gmt":"2022-03-08T14:50:48","guid":{"rendered":"https:\/\/tvtecjundiai.com.br\/news\/?p=89777"},"modified":"2022-03-08T11:59:57","modified_gmt":"2022-03-08T14:59:57","slug":"fies-2022-inscricoes-comecam-nesta-terca-feira-08","status":"publish","type":"post","link":"https:\/\/tvtecjundiai.com.br\/news\/2022\/03\/08\/fies-2022-inscricoes-comecam-nesta-terca-feira-08\/","title":{"rendered":"Fies 2022: inscri\u00e7\u00f5es come\u00e7am nesta ter\u00e7a-feira (08)"},"content":{"rendered":"\n<p>Come\u00e7a nesta ter\u00e7a-feira (8) o prazo de inscri\u00e7\u00f5es para o Fundo de Financiamento Estudantil (Fies) 2022&nbsp;do primeiro semestre. Os candidatos devem se inscrever no&nbsp;<a rel=\"noreferrer noopener\" href=\"http:\/\/portalfies.mec.gov.br\/\" target=\"_blank\">portal do Fies<\/a>.<\/p>\n\n\n\n<p>Os interessados ter\u00e3o at\u00e9 sexta-feira (11) para se inscrever em at\u00e9 tr\u00eas op\u00e7\u00f5es de curso em institui\u00e7\u00f5es privadas.<\/p>\n\n\n\n<p>O&nbsp;Fies&nbsp;\u00e9 o programa pelo qual o governo federal paga as mensalidades de estudantes de gradua\u00e7\u00e3o em institui\u00e7\u00f5es privadas de ensino superior enquanto eles cursam a faculdade.<\/p>\n\n\n\n<div class=\"wp-block-image\"><figure class=\"aligncenter size-full\"><img loading=\"lazy\" decoding=\"async\" width=\"768\" height=\"459\" src=\"https:\/\/tvtecjundiai.com.br\/news\/wp-content\/uploads\/sites\/2\/2022\/03\/891d8da2-f693-4b26-8155-3d0017edb6c0.jpeg\" alt=\"\" class=\"wp-image-89778\" srcset=\"https:\/\/tvtecjundiai.com.br\/news\/wp-content\/uploads\/sites\/2\/2022\/03\/891d8da2-f693-4b26-8155-3d0017edb6c0.jpeg 768w, https:\/\/tvtecjundiai.com.br\/news\/wp-content\/uploads\/sites\/2\/2022\/03\/891d8da2-f693-4b26-8155-3d0017edb6c0-300x179.jpeg 300w\" sizes=\"auto, (max-width: 768px) 100vw, 768px\" \/><\/figure><\/div>\n\n\n\n<p><strong>Para se inscrever, o candidato precisa:<\/strong><\/p>\n\n\n\n<ul class=\"wp-block-list\"><li>ter participado do Exame Nacional do Ensino M\u00e9dio (Enem) entre as edi\u00e7\u00f5es de 2010 a 2021;<\/li><li>ter tirado pontua\u00e7\u00e3o m\u00e9dia nas cinco provas igual ou superior a 450, e nota superior a zero na reda\u00e7\u00e3o<\/li><li>n\u00e3o ter participado da edi\u00e7\u00e3o como &#8220;treineiro&#8221;; e<\/li><li>possuir renda familiar mensal bruta per capita de at\u00e9 3 sal\u00e1rios m\u00ednimos (R$ 3.636).<\/li><\/ul>\n\n\n\n<p><strong>Cronograma<\/strong><\/p>\n\n\n\n<ul class=\"wp-block-list\"><li><strong>Inscri\u00e7\u00f5es:&nbsp;<\/strong>8 a 11 de mar\u00e7o atrav\u00e9s de&nbsp;<a rel=\"noreferrer noopener\" href=\"http:\/\/portalfies.mec.gov.br\/\" target=\"_blank\">http:\/\/portalfies.mec.gov.br\/<\/a><\/li><li><strong>Resultados (pr\u00e9-selecionados):&nbsp;<\/strong>15 de mar\u00e7o<\/li><li><strong>Complementar inscri\u00e7\u00e3o:&nbsp;<\/strong>16 a 18 de mar\u00e7o no&nbsp;<a rel=\"noreferrer noopener\" href=\"http:\/\/portalfies.mec.gov.br\/\" target=\"_blank\">http:\/\/portalfies.mec.gov.br\/<\/a><\/li><li><strong>Convoca\u00e7\u00e3o da lista de espera:<\/strong>&nbsp;16 de mar\u00e7o a 28 de abril (quem n\u00e3o foi pr\u00e9-selecionado na chamada \u00fanica \u00e9 automaticamente inclu\u00eddo na lista de espera).<\/li><\/ul>\n\n\n\n<p><em><strong>(Fonte: g1\/Imagem: Marcello Casal\/Ag\u00eancia Brasil)<\/strong><\/em><\/p>\n","protected":false},"excerpt":{"rendered":"<p>Interessados podem se inscrever em at\u00e9 tr\u00eas op\u00e7\u00f5es de curso em institui\u00e7\u00f5es privadas<\/p>\n","protected":false},"author":30,"featured_media":89778,"comment_status":"closed","ping_status":"closed","sticky":false,"template":"","format":"standard","meta":{"footnotes":""},"categories":[2828,1],"tags":[],"class_list":["post-89777","post","type-post","status-publish","format-standard","has-post-thumbnail","hentry","category-educacao","category-noticias"],"_links":{"self":[{"href":"https:\/\/tvtecjundiai.com.br\/news\/wp-json\/wp\/v2\/posts\/89777","targetHints":{"allow":["GET"]}}],"collection":[{"href":"https:\/\/tvtecjundiai.com.br\/news\/wp-json\/wp\/v2\/posts"}],"about":[{"href":"https:\/\/tvtecjundiai.com.br\/news\/wp-json\/wp\/v2\/types\/post"}],"author":[{"embeddable":true,"href":"https:\/\/tvtecjundiai.com.br\/news\/wp-json\/wp\/v2\/users\/30"}],"replies":[{"embeddable":true,"href":"https:\/\/tvtecjundiai.com.br\/news\/wp-json\/wp\/v2\/comments?post=89777"}],"version-history":[{"count":2,"href":"https:\/\/tvtecjundiai.com.br\/news\/wp-json\/wp\/v2\/posts\/89777\/revisions"}],"predecessor-version":[{"id":89780,"href":"https:\/\/tvtecjundiai.com.br\/news\/wp-json\/wp\/v2\/posts\/89777\/revisions\/89780"}],"wp:featuredmedia":[{"embeddable":true,"href":"https:\/\/tvtecjundiai.com.br\/news\/wp-json\/wp\/v2\/media\/89778"}],"wp:attachment":[{"href":"https:\/\/tvtecjundiai.com.br\/news\/wp-json\/wp\/v2\/media?parent=89777"}],"wp:term":[{"taxonomy":"category","embeddable":true,"href":"https:\/\/tvtecjundiai.com.br\/news\/wp-json\/wp\/v2\/categories?post=89777"},{"taxonomy":"post_tag","embeddable":true,"href":"https:\/\/tvtecjundiai.com.br\/news\/wp-json\/wp\/v2\/tags?post=89777"}],"curies":[{"name":"wp","href":"https:\/\/api.w.org\/{rel}","templated":true}]}}