{"id":89807,"date":"2022-03-08T17:45:10","date_gmt":"2022-03-08T20:45:10","guid":{"rendered":"https:\/\/tvtecjundiai.com.br\/news\/?p=89807"},"modified":"2022-03-09T10:33:24","modified_gmt":"2022-03-09T13:33:24","slug":"governo-de-sao-paulo-retira-obrigatoriedade-do-uso-de-mascaras-ao-ar-livre%ef%bf%bc","status":"publish","type":"post","link":"https:\/\/tvtecjundiai.com.br\/news\/2022\/03\/08\/governo-de-sao-paulo-retira-obrigatoriedade-do-uso-de-mascaras-ao-ar-livre%ef%bf%bc\/","title":{"rendered":"Governo de S\u00e3o Paulo retira obrigatoriedade do uso de m\u00e1scaras ao ar livre"},"content":{"rendered":"\n<p>O governo de S\u00e3o Paulo decidiu&nbsp;retirar a obrigatoriedade do uso de m\u00e1scaras ao ar livre em todo o estado. A decis\u00e3o sobre quais regras valer\u00e3o para as escolas s\u00f3 ser\u00e1 tomada na manh\u00e3 de quarta-feira (9), pouco antes da coletiva de imprensa do governador&nbsp;Jo\u00e3o Doria&nbsp;(PSDB) marcada para o an\u00fancio das medidas. A informa\u00e7\u00e3o foi confirmada para a<strong>&nbsp;GloboNews<\/strong>&nbsp;por integrantes do Comit\u00ea Cient\u00edfico estadual.<\/p>\n\n\n\n<p>Para os t\u00e9cnicos do comit\u00ea, a libera\u00e7\u00e3o do uso de m\u00e1scaras em ambientes abertos j\u00e1 pode ser determinada a partir desta quarta-feira (9).&nbsp;Em locais fechados, no entanto, nada muda: as m\u00e1scaras seguir\u00e3o, por ora, obrigat\u00f3rias.<\/p>\n\n\n\n<p><\/p>\n\n\n\n<div class=\"wp-block-image\"><figure class=\"aligncenter size-full\"><img loading=\"lazy\" decoding=\"async\" width=\"600\" height=\"400\" src=\"https:\/\/tvtecjundiai.com.br\/news\/wp-content\/uploads\/sites\/2\/2022\/03\/WhatsApp-Image-2022-03-08-at-17.44.01-1.jpeg\" alt=\"\" class=\"wp-image-89811\" srcset=\"https:\/\/tvtecjundiai.com.br\/news\/wp-content\/uploads\/sites\/2\/2022\/03\/WhatsApp-Image-2022-03-08-at-17.44.01-1.jpeg 600w, https:\/\/tvtecjundiai.com.br\/news\/wp-content\/uploads\/sites\/2\/2022\/03\/WhatsApp-Image-2022-03-08-at-17.44.01-1-300x200.jpeg 300w\" sizes=\"auto, (max-width: 600px) 100vw, 600px\" \/><figcaption>Foto: F\u00e1bio Vieira \/ Metr\u00f3poles<\/figcaption><\/figure><\/div>\n\n\n\n<p>Nesta segunda-feira (7),&nbsp;o&nbsp;<strong>g1&nbsp;<\/strong>revelou que um estudo da Vigil\u00e2ncia Sanit\u00e1ria municipal recomendou a libera\u00e7\u00e3o das m\u00e1scaras em locais abertos&nbsp;na cidade, e a manuten\u00e7\u00e3o da obrigatoriedade do equipamento contra a Covid-19 em lugares fechados.<\/p>\n\n\n\n<p>O estudo foi enviado pelo prefeito Ricardo Nunes (MDB) para o vice-governador Rodrigo Garcia (PSDB) e encaminhado ao Comit\u00ea Cient\u00edfico estadual.<\/p>\n\n\n\n<p>O estudo feito pela Vigil\u00e2ncia Sanit\u00e1ria da cidade de S\u00e3o Paulo traz tr\u00eas recomenda\u00e7\u00f5es:<\/p>\n\n\n\n<ol class=\"wp-block-list\"><li>Seguir com as medidas n\u00e3o farmacol\u00f3gicas de precau\u00e7\u00e3o: manter a etiqueta respirat\u00f3ria; higiene das m\u00e3os; evitar aglomera\u00e7\u00e3o; manter o uso de m\u00e1scaras em locais fechados, como transporte p\u00fablico;<\/li><li>Intensificar a vacina\u00e7\u00e3o de dose de refor\u00e7o da popula\u00e7\u00e3o adulta;<\/li><li>A desobriga\u00e7\u00e3o do uso de m\u00e1scaras ao ar livre, e ambientes abertos como ruas a parques.<\/li><\/ol>\n\n\n\n<p>De acordo com o estudo, as recomenda\u00e7\u00f5es se d\u00e3o no contexto de melhora de praticamente todos os indicadores da pandemia da Covid-19.<\/p>\n\n\n\n<p>\u201cNeste momento, o Cen\u00e1rio Epidemiol\u00f3gico \u00e9 de queda importante do n\u00famero de doentes pela Covid-19 nas \u00faltimas semanas e, os indicadores assistenciais apresentam as menores taxas de ocupa\u00e7\u00e3o de leitos de UTI e Enfermaria desde 2020\u201d, diz um trecho do estudo.<\/p>\n\n\n\n<p>O estudo tamb\u00e9m cita a \u201crobusta cobertura vacinal da capital em todas as faixas et\u00e1rias eleg\u00edveis\u201d.<\/p>\n\n\n\n<p>Como mostrou o&nbsp;<strong>g1<\/strong>,&nbsp;a regi\u00e3o metropolitana de S\u00e3o Paulo registrou a menor m\u00e9dia m\u00f3vel de novas interna\u00e7\u00f5es por Covid-19 desde o in\u00edcio da pandemia. Foram, em m\u00e9dia, 145,8 hospitaliza\u00e7\u00f5es provocadas pela doen\u00e7a no \u00faltimo domingo (6). O melhor \u00edndice anteriormente era de 146,28 no dia 5 de dezembro de 2021.<\/p>\n\n\n\n<p>Apesar da queda, ainda h\u00e1 mais de 1 mil pacientes internados com Covid-19 na Grande SP. Neste domingo (6), h\u00e1 1.819 pessoas com coronav\u00edrus em leitos de UTI e enfermaria. O menor total foi registrado em 10 de dezembro de 2021, com 1.217 internados.<\/p>\n\n\n\n<p>No pior momento da pandemia, em mar\u00e7o de 2021, o \u00edndice chegou a ser de 1.819 novas interna\u00e7\u00f5es di\u00e1rias na Grande SP. Na \u00e9poca, o estado enfrentou esgotamento de leitos e ao menos 230 pessoas com Covid-19 ou suspeita morreram na fila por um leito de UTI na regi\u00e3o metropolitana.<\/p>\n\n\n\n<h2 class=\"wp-block-heading\">Uso da m\u00e1scara em SP<\/h2>\n\n\n\n<p>O uso obrigat\u00f3rio de m\u00e1scara de prote\u00e7\u00e3o contra o coronav\u00edrus come\u00e7ou no transporte p\u00fablico na Grande S\u00e3o Paulo, no dia 4 de maio de 2020.<\/p>\n\n\n\n<p>Tr\u00eas dias depois, no dia 7 de maio, passou a ser obrigat\u00f3rio em todo o estado nas ruas, locais p\u00fablicos, estabelecimentos, reparti\u00e7\u00f5es p\u00fablicas estaduais e no transporte por aplicativo.<\/p>\n\n\n\n<p><strong><em>(Fonte: G1\/ Imagem:F\u00e1bio Vieira \/ Metr\u00f3poles )<\/em><\/strong><\/p>\n","protected":false},"excerpt":{"rendered":"<p>Em locais fechados, no entanto, nada muda: as m\u00e1scaras seguir\u00e3o, por ora, obrigat\u00f3rias.<\/p>\n","protected":false},"author":27,"featured_media":89812,"comment_status":"closed","ping_status":"closed","sticky":false,"template":"","format":"standard","meta":{"footnotes":""},"categories":[1],"tags":[],"class_list":["post-89807","post","type-post","status-publish","format-standard","has-post-thumbnail","hentry","category-noticias"],"_links":{"self":[{"href":"https:\/\/tvtecjundiai.com.br\/news\/wp-json\/wp\/v2\/posts\/89807","targetHints":{"allow":["GET"]}}],"collection":[{"href":"https:\/\/tvtecjundiai.com.br\/news\/wp-json\/wp\/v2\/posts"}],"about":[{"href":"https:\/\/tvtecjundiai.com.br\/news\/wp-json\/wp\/v2\/types\/post"}],"author":[{"embeddable":true,"href":"https:\/\/tvtecjundiai.com.br\/news\/wp-json\/wp\/v2\/users\/27"}],"replies":[{"embeddable":true,"href":"https:\/\/tvtecjundiai.com.br\/news\/wp-json\/wp\/v2\/comments?post=89807"}],"version-history":[{"count":2,"href":"https:\/\/tvtecjundiai.com.br\/news\/wp-json\/wp\/v2\/posts\/89807\/revisions"}],"predecessor-version":[{"id":89852,"href":"https:\/\/tvtecjundiai.com.br\/news\/wp-json\/wp\/v2\/posts\/89807\/revisions\/89852"}],"wp:featuredmedia":[{"embeddable":true,"href":"https:\/\/tvtecjundiai.com.br\/news\/wp-json\/wp\/v2\/media\/89812"}],"wp:attachment":[{"href":"https:\/\/tvtecjundiai.com.br\/news\/wp-json\/wp\/v2\/media?parent=89807"}],"wp:term":[{"taxonomy":"category","embeddable":true,"href":"https:\/\/tvtecjundiai.com.br\/news\/wp-json\/wp\/v2\/categories?post=89807"},{"taxonomy":"post_tag","embeddable":true,"href":"https:\/\/tvtecjundiai.com.br\/news\/wp-json\/wp\/v2\/tags?post=89807"}],"curies":[{"name":"wp","href":"https:\/\/api.w.org\/{rel}","templated":true}]}}