{"id":89853,"date":"2022-03-09T11:29:56","date_gmt":"2022-03-09T14:29:56","guid":{"rendered":"https:\/\/tvtecjundiai.com.br\/news\/?p=89853"},"modified":"2022-03-09T11:30:10","modified_gmt":"2022-03-09T14:30:10","slug":"ligacoes-de-telemarketing-terao-que-comecar-com-numero-0303-a-partir-de-quinta-feira-10","status":"publish","type":"post","link":"https:\/\/tvtecjundiai.com.br\/news\/2022\/03\/09\/ligacoes-de-telemarketing-terao-que-comecar-com-numero-0303-a-partir-de-quinta-feira-10\/","title":{"rendered":"Liga\u00e7\u00f5es de telemarketing ter\u00e3o que come\u00e7ar com n\u00famero 0303 a partir de quinta-feira (10)"},"content":{"rendered":"\n<p>Vai ficar mais f\u00e1cil para o consumidor identificar e bloquear as insistentes chamadas de telemarketing: a partir desta quinta-feira (10), entra em vigor a regra da Ag\u00eancia Nacional de Telecomunica\u00e7\u00f5es (Anatel) que obriga esse tipo de chamada a ser identificado pelo c\u00f3digo 0303, que aparecer\u00e1 no in\u00edcio do n\u00famero de qualquer liga\u00e7\u00e3o que vise ofertar produtos ou servi\u00e7os.<\/p>\n\n\n\n<p>Por enquanto, a regra vale apenas para chamadas originadas de n\u00fameros de telefone celular. Para aqueles feitos de linhas fixas, a medida vai valer a partir de junho.<\/p>\n\n\n\n<div class=\"wp-block-image\"><figure class=\"aligncenter size-full is-resized\"><img loading=\"lazy\" decoding=\"async\" src=\"https:\/\/tvtecjundiai.com.br\/news\/wp-content\/uploads\/sites\/2\/2022\/03\/op.png\" alt=\"\" class=\"wp-image-89854\" width=\"701\" height=\"437\" srcset=\"https:\/\/tvtecjundiai.com.br\/news\/wp-content\/uploads\/sites\/2\/2022\/03\/op.png 672w, https:\/\/tvtecjundiai.com.br\/news\/wp-content\/uploads\/sites\/2\/2022\/03\/op-300x187.png 300w\" sizes=\"auto, (max-width: 701px) 100vw, 701px\" \/><figcaption>Foto: Ag\u00eancia Brasil<\/figcaption><\/figure><\/div>\n\n\n\n<p><strong>Resumo<\/strong><\/p>\n\n\n\n<ul class=\"wp-block-list\"><li>Chamadas de telemarketing originadas da rede celular devem come\u00e7ar com o n\u00famero 0303<\/li><li>A partir de junho, regra come\u00e7a a valer para rede fixa<\/li><li>N\u00famero ser\u00e1 de uso exclusivo e obrigat\u00f3rio para atividades de telemarketing ativo<\/li><li>Empresas que solicitam doa\u00e7\u00e3o e que fazem cobran\u00e7a n\u00e3o precisar\u00e3o fazer uso do c\u00f3digo<\/li><li>Identifica\u00e7\u00e3o ter\u00e1 que aparecer de forma clara no visor do telefone<\/li><li>Consumidores poder\u00e3o pedir \u00e0s operadoras o bloqueio das chamadas de telemarketing<\/li><\/ul>\n\n\n\n<p><strong>Facilitar identifica\u00e7\u00e3o<\/strong><\/p>\n\n\n\n<p>O identificador foi aprovado pela Anatel no final do ano passado, por meio Ato n\u00ba 10.413. O objetivo da padroniza\u00e7\u00e3o, diz a ag\u00eancia, \u00e9 facilitar a identifica\u00e7\u00e3o das chamadas de telemarketing ativo.<\/p>\n\n\n\n<p>Telemarketing ativo \u00e9 a pr\u00e1tica de oferta de produtos ou servi\u00e7os por meio de liga\u00e7\u00f5es ou mensagens telef\u00f4nicas, previamente gravadas ou n\u00e3o. Empresas que solicitam doa\u00e7\u00e3o e que fazem cobran\u00e7a foram consideradas exce\u00e7\u00f5es e n\u00e3o precisar\u00e3o fazer uso do c\u00f3digo.<\/p>\n\n\n\n<p>O c\u00f3digo 0303 ser\u00e1 de uso exclusivo e obrigat\u00f3rio para atividades de telemarketing ativo, e as operadoras de telefonia fixa e m\u00f3vel t\u00eam de permitir a identifica\u00e7\u00e3o desse n\u00famero de forma clara, no visor do aparelho do usu\u00e1rio. As operadoras tamb\u00e9m ficar\u00e3o respons\u00e1veis por coibir o uso do c\u00f3digo fora das regras estabelecidas pela ag\u00eancia.<\/p>\n\n\n\n<p>Al\u00e9m disso, segundo a Anatel, as operadoras dever\u00e3o realizar o bloqueio preventivo de chamadas originadas de telemarketing ativo a pedido do consumidor.<\/p>\n\n\n\n<p><strong><em>(Fonte: g1\/Imagem: Ag\u00eancia Brasil)<\/em><\/strong><\/p>\n","protected":false},"excerpt":{"rendered":"<p>Regra \u00e9 v\u00e1lida apenas para celulares e obrigatoriedade para telefones fixos vale a partir de junho<\/p>\n","protected":false},"author":30,"featured_media":89854,"comment_status":"closed","ping_status":"closed","sticky":false,"template":"","format":"standard","meta":{"footnotes":""},"categories":[8356,1],"tags":[],"class_list":["post-89853","post","type-post","status-publish","format-standard","has-post-thumbnail","hentry","category-jundiai","category-noticias"],"_links":{"self":[{"href":"https:\/\/tvtecjundiai.com.br\/news\/wp-json\/wp\/v2\/posts\/89853","targetHints":{"allow":["GET"]}}],"collection":[{"href":"https:\/\/tvtecjundiai.com.br\/news\/wp-json\/wp\/v2\/posts"}],"about":[{"href":"https:\/\/tvtecjundiai.com.br\/news\/wp-json\/wp\/v2\/types\/post"}],"author":[{"embeddable":true,"href":"https:\/\/tvtecjundiai.com.br\/news\/wp-json\/wp\/v2\/users\/30"}],"replies":[{"embeddable":true,"href":"https:\/\/tvtecjundiai.com.br\/news\/wp-json\/wp\/v2\/comments?post=89853"}],"version-history":[{"count":1,"href":"https:\/\/tvtecjundiai.com.br\/news\/wp-json\/wp\/v2\/posts\/89853\/revisions"}],"predecessor-version":[{"id":89855,"href":"https:\/\/tvtecjundiai.com.br\/news\/wp-json\/wp\/v2\/posts\/89853\/revisions\/89855"}],"wp:featuredmedia":[{"embeddable":true,"href":"https:\/\/tvtecjundiai.com.br\/news\/wp-json\/wp\/v2\/media\/89854"}],"wp:attachment":[{"href":"https:\/\/tvtecjundiai.com.br\/news\/wp-json\/wp\/v2\/media?parent=89853"}],"wp:term":[{"taxonomy":"category","embeddable":true,"href":"https:\/\/tvtecjundiai.com.br\/news\/wp-json\/wp\/v2\/categories?post=89853"},{"taxonomy":"post_tag","embeddable":true,"href":"https:\/\/tvtecjundiai.com.br\/news\/wp-json\/wp\/v2\/tags?post=89853"}],"curies":[{"name":"wp","href":"https:\/\/api.w.org\/{rel}","templated":true}]}}