{"id":89871,"date":"2022-03-09T15:44:19","date_gmt":"2022-03-09T18:44:19","guid":{"rendered":"https:\/\/tvtecjundiai.com.br\/news\/?p=89871"},"modified":"2022-03-09T15:44:43","modified_gmt":"2022-03-09T18:44:43","slug":"jundiai-nao-registra-obitos-por-covid-19-nesta-quarta-feira-09","status":"publish","type":"post","link":"https:\/\/tvtecjundiai.com.br\/news\/2022\/03\/09\/jundiai-nao-registra-obitos-por-covid-19-nesta-quarta-feira-09\/","title":{"rendered":"Jundia\u00ed n\u00e3o registra \u00f3bitos por COVID-19 nesta quarta-feira (09)"},"content":{"rendered":"\n<p>A Prefeitura de Jundia\u00ed informa que, nesta quarta-feira (9), n\u00e3o houve notifica\u00e7\u00f5es de \u00f3bitos de residentes na cidade causados pelo Novo Coronav\u00edrus, at\u00e9 o fechamento deste boletim.<\/p>\n\n\n\n<p>At\u00e9 o momento, a cidade registra 1758 \u00f3bitos causados pela COVID-19 desde o in\u00edcio da pandemia.<br>O boletim completo com todas as informa\u00e7\u00f5es pode ser acessado na p\u00e1gina exclusiva, clique aqui.<\/p>\n\n\n\n<p>Assessoria de Imprensa.<\/p>\n\n\n\n<figure class=\"wp-block-image\"><img decoding=\"async\" src=\"https:\/\/jundiai.sp.gov.br\/noticias\/wp-content\/uploads\/sites\/32\/2022\/03\/modelo-boletim-09-03-747x960.jpg\" alt=\"\" class=\"wp-image-287419\" \/><\/figure>\n\n\n\n<p><em><strong>(Fonte\/Imagem: Prefeitura de Jundia\u00ed)<\/strong><\/em><\/p>\n","protected":false},"excerpt":{"rendered":"<p>Nesta quarta (09), 112 novos casos da doen\u00e7a foram registrados.<\/p>\n","protected":false},"author":27,"featured_media":66735,"comment_status":"closed","ping_status":"closed","sticky":false,"template":"","format":"standard","meta":{"footnotes":""},"categories":[8356],"tags":[],"class_list":["post-89871","post","type-post","status-publish","format-standard","has-post-thumbnail","hentry","category-jundiai"],"_links":{"self":[{"href":"https:\/\/tvtecjundiai.com.br\/news\/wp-json\/wp\/v2\/posts\/89871","targetHints":{"allow":["GET"]}}],"collection":[{"href":"https:\/\/tvtecjundiai.com.br\/news\/wp-json\/wp\/v2\/posts"}],"about":[{"href":"https:\/\/tvtecjundiai.com.br\/news\/wp-json\/wp\/v2\/types\/post"}],"author":[{"embeddable":true,"href":"https:\/\/tvtecjundiai.com.br\/news\/wp-json\/wp\/v2\/users\/27"}],"replies":[{"embeddable":true,"href":"https:\/\/tvtecjundiai.com.br\/news\/wp-json\/wp\/v2\/comments?post=89871"}],"version-history":[{"count":1,"href":"https:\/\/tvtecjundiai.com.br\/news\/wp-json\/wp\/v2\/posts\/89871\/revisions"}],"predecessor-version":[{"id":89875,"href":"https:\/\/tvtecjundiai.com.br\/news\/wp-json\/wp\/v2\/posts\/89871\/revisions\/89875"}],"wp:featuredmedia":[{"embeddable":true,"href":"https:\/\/tvtecjundiai.com.br\/news\/wp-json\/wp\/v2\/media\/66735"}],"wp:attachment":[{"href":"https:\/\/tvtecjundiai.com.br\/news\/wp-json\/wp\/v2\/media?parent=89871"}],"wp:term":[{"taxonomy":"category","embeddable":true,"href":"https:\/\/tvtecjundiai.com.br\/news\/wp-json\/wp\/v2\/categories?post=89871"},{"taxonomy":"post_tag","embeddable":true,"href":"https:\/\/tvtecjundiai.com.br\/news\/wp-json\/wp\/v2\/tags?post=89871"}],"curies":[{"name":"wp","href":"https:\/\/api.w.org\/{rel}","templated":true}]}}