{"id":89914,"date":"2022-03-10T13:52:42","date_gmt":"2022-03-10T16:52:42","guid":{"rendered":"https:\/\/tvtecjundiai.com.br\/news\/?p=89914"},"modified":"2022-03-10T13:52:53","modified_gmt":"2022-03-10T16:52:53","slug":"complexo-fepasa-fica-sem-servicos-de-telefonia-e-internet-nesta-quinta-10-para-reparos","status":"publish","type":"post","link":"https:\/\/tvtecjundiai.com.br\/news\/2022\/03\/10\/complexo-fepasa-fica-sem-servicos-de-telefonia-e-internet-nesta-quinta-10-para-reparos\/","title":{"rendered":"Complexo Fepasa fica sem servi\u00e7os de telefonia e internet nesta quinta (10) para reparos"},"content":{"rendered":"\n<p>O Complexo Fepasa, onde est\u00e1 localizada a Unidade de Gest\u00e3o de Cultura (UGC), encontra-se com os servi\u00e7os de telefonia e internet indispon\u00edveis durante esta quinta-feira (10).<\/p>\n\n\n\n<p>Enquanto a empresa respons\u00e1vel realiza os reparos e restabelecimento dos servi\u00e7os, previstos para conclus\u00e3o at\u00e9 esta sexta-feira (11), os mun\u00edcipes e artistas que tiverem alguma necessidade emergencial de contato com a Unidade pode ligar para os\u00a0<a rel=\"noreferrer noopener\" href=\"https:\/\/cultura.jundiai.sp.gov.br\/espacos-culturais\/\" target=\"_blank\">demais equipamentos culturais<\/a>.<\/p>\n\n\n\n<div class=\"wp-block-image\"><figure class=\"aligncenter size-large is-resized\"><img loading=\"lazy\" decoding=\"async\" src=\"https:\/\/tvtecjundiai.com.br\/news\/wp-content\/uploads\/sites\/2\/2022\/03\/complexo_fepasa-2-1-1200x800.jpg\" alt=\"\" class=\"wp-image-89915\" width=\"753\" height=\"502\" srcset=\"https:\/\/tvtecjundiai.com.br\/news\/wp-content\/uploads\/sites\/2\/2022\/03\/complexo_fepasa-2-1-1200x800.jpg 1200w, https:\/\/tvtecjundiai.com.br\/news\/wp-content\/uploads\/sites\/2\/2022\/03\/complexo_fepasa-2-1-300x200.jpg 300w, https:\/\/tvtecjundiai.com.br\/news\/wp-content\/uploads\/sites\/2\/2022\/03\/complexo_fepasa-2-1-768x512.jpg 768w, https:\/\/tvtecjundiai.com.br\/news\/wp-content\/uploads\/sites\/2\/2022\/03\/complexo_fepasa-2-1.jpg 1280w\" sizes=\"auto, (max-width: 753px) 100vw, 753px\" \/><\/figure><\/div>\n\n\n\n<p><strong><em>(Fonte\/Imagem: Prefeitura de Jundia\u00ed)<\/em><\/strong><\/p>\n","protected":false},"excerpt":{"rendered":"<p>Se necess\u00e1rio, mun\u00edcipes podem ligar para outros equipamentos culturais<\/p>\n","protected":false},"author":30,"featured_media":89915,"comment_status":"closed","ping_status":"closed","sticky":false,"template":"","format":"standard","meta":{"footnotes":""},"categories":[2833,8356,1],"tags":[],"class_list":["post-89914","post","type-post","status-publish","format-standard","has-post-thumbnail","hentry","category-cultura","category-jundiai","category-noticias"],"_links":{"self":[{"href":"https:\/\/tvtecjundiai.com.br\/news\/wp-json\/wp\/v2\/posts\/89914","targetHints":{"allow":["GET"]}}],"collection":[{"href":"https:\/\/tvtecjundiai.com.br\/news\/wp-json\/wp\/v2\/posts"}],"about":[{"href":"https:\/\/tvtecjundiai.com.br\/news\/wp-json\/wp\/v2\/types\/post"}],"author":[{"embeddable":true,"href":"https:\/\/tvtecjundiai.com.br\/news\/wp-json\/wp\/v2\/users\/30"}],"replies":[{"embeddable":true,"href":"https:\/\/tvtecjundiai.com.br\/news\/wp-json\/wp\/v2\/comments?post=89914"}],"version-history":[{"count":1,"href":"https:\/\/tvtecjundiai.com.br\/news\/wp-json\/wp\/v2\/posts\/89914\/revisions"}],"predecessor-version":[{"id":89916,"href":"https:\/\/tvtecjundiai.com.br\/news\/wp-json\/wp\/v2\/posts\/89914\/revisions\/89916"}],"wp:featuredmedia":[{"embeddable":true,"href":"https:\/\/tvtecjundiai.com.br\/news\/wp-json\/wp\/v2\/media\/89915"}],"wp:attachment":[{"href":"https:\/\/tvtecjundiai.com.br\/news\/wp-json\/wp\/v2\/media?parent=89914"}],"wp:term":[{"taxonomy":"category","embeddable":true,"href":"https:\/\/tvtecjundiai.com.br\/news\/wp-json\/wp\/v2\/categories?post=89914"},{"taxonomy":"post_tag","embeddable":true,"href":"https:\/\/tvtecjundiai.com.br\/news\/wp-json\/wp\/v2\/tags?post=89914"}],"curies":[{"name":"wp","href":"https:\/\/api.w.org\/{rel}","templated":true}]}}