{"id":89939,"date":"2022-03-11T09:49:46","date_gmt":"2022-03-11T12:49:46","guid":{"rendered":"https:\/\/tvtecjundiai.com.br\/news\/?p=89939"},"modified":"2022-03-11T10:21:36","modified_gmt":"2022-03-11T13:21:36","slug":"hospital-universitario-faz-alta-festiva-para-o-pequeno-richard","status":"publish","type":"post","link":"https:\/\/tvtecjundiai.com.br\/news\/2022\/03\/11\/hospital-universitario-faz-alta-festiva-para-o-pequeno-richard\/","title":{"rendered":"Hospital Universit\u00e1rio faz alta festiva para o pequeno Richard"},"content":{"rendered":"\n<p>Equipes do Hospital Universit\u00e1rio de Jundia\u00ed realizaram uma alta festiva para o pequeno Richard David de Souza Rosa Campos, de 10 anos, que ficou internado e percorreu a UTI infantil e a pediatria da insitui\u00e7\u00e3o por 54 dias. A m\u00e3e de Richard sempre o acompanhava, mas ap\u00f3s 30 dias que o menino estava no HU, ela teve um mal s\u00fabito em sua resid\u00eancia e veio a falecer.<\/p>\n\n\n\n<figure class=\"wp-block-image size-large\"><img loading=\"lazy\" decoding=\"async\" width=\"1200\" height=\"900\" src=\"https:\/\/tvtecjundiai.com.br\/news\/wp-content\/uploads\/sites\/2\/2022\/03\/richard-1200x900.jpeg\" alt=\"\" class=\"wp-image-89940\" srcset=\"https:\/\/tvtecjundiai.com.br\/news\/wp-content\/uploads\/sites\/2\/2022\/03\/richard-1200x900.jpeg 1200w, https:\/\/tvtecjundiai.com.br\/news\/wp-content\/uploads\/sites\/2\/2022\/03\/richard-300x225.jpeg 300w, https:\/\/tvtecjundiai.com.br\/news\/wp-content\/uploads\/sites\/2\/2022\/03\/richard-768x576.jpeg 768w, https:\/\/tvtecjundiai.com.br\/news\/wp-content\/uploads\/sites\/2\/2022\/03\/richard.jpeg 1280w\" sizes=\"auto, (max-width: 1200px) 100vw, 1200px\" \/><\/figure>\n\n\n\n<p>Sensibilizados com a hist\u00f3ria e o sofrimento do menino, a enfermagem e os m\u00e9dicos encheram bal\u00f5es e compraram um presente de despedida. Para a supervisora de enfermagem da pediatria, Ivanete Ribeiro, \u00e9 uma emo\u00e7\u00e3o muito grande. \u201cN\u00f3s todos estamos felizes por ele receber alta e sair daqui vitorioso, mas tristes por saber que chegando em casa, a m\u00e3e dele n\u00e3o estar\u00e1\u201d.<\/p>\n\n\n\n<p>A fam\u00edlia ir\u00e1 se unir para cuidar do Richard, como disse seu tio paterno Rafael de Souza Campos, de 29 anos. \u201cEst\u00e1 sendo dif\u00edcil toda essa situa\u00e7\u00e3o. Ele est\u00e1 aceitando aos poucos a perda de sua m\u00e3e, mas agora com a alta poderemos cuidar dele em casa. Eu agrade\u00e7o o carinho e os cuidados que toda equipe sempre teve com meu sobrinho\u201d.<\/p>\n\n\n\n<p><strong><em>(Fonte\/Imagem: Hospital Universit\u00e1rio)<\/em><\/strong><\/p>\n","protected":false},"excerpt":{"rendered":"<p>Ele ficou internado durante 54 dias e percorreu a UTI infantil e a pediatria da institui\u00e7\u00e3o.<\/p>\n","protected":false},"author":27,"featured_media":89941,"comment_status":"closed","ping_status":"closed","sticky":false,"template":"","format":"standard","meta":{"footnotes":""},"categories":[8356],"tags":[],"class_list":["post-89939","post","type-post","status-publish","format-standard","has-post-thumbnail","hentry","category-jundiai"],"_links":{"self":[{"href":"https:\/\/tvtecjundiai.com.br\/news\/wp-json\/wp\/v2\/posts\/89939","targetHints":{"allow":["GET"]}}],"collection":[{"href":"https:\/\/tvtecjundiai.com.br\/news\/wp-json\/wp\/v2\/posts"}],"about":[{"href":"https:\/\/tvtecjundiai.com.br\/news\/wp-json\/wp\/v2\/types\/post"}],"author":[{"embeddable":true,"href":"https:\/\/tvtecjundiai.com.br\/news\/wp-json\/wp\/v2\/users\/27"}],"replies":[{"embeddable":true,"href":"https:\/\/tvtecjundiai.com.br\/news\/wp-json\/wp\/v2\/comments?post=89939"}],"version-history":[{"count":3,"href":"https:\/\/tvtecjundiai.com.br\/news\/wp-json\/wp\/v2\/posts\/89939\/revisions"}],"predecessor-version":[{"id":89948,"href":"https:\/\/tvtecjundiai.com.br\/news\/wp-json\/wp\/v2\/posts\/89939\/revisions\/89948"}],"wp:featuredmedia":[{"embeddable":true,"href":"https:\/\/tvtecjundiai.com.br\/news\/wp-json\/wp\/v2\/media\/89941"}],"wp:attachment":[{"href":"https:\/\/tvtecjundiai.com.br\/news\/wp-json\/wp\/v2\/media?parent=89939"}],"wp:term":[{"taxonomy":"category","embeddable":true,"href":"https:\/\/tvtecjundiai.com.br\/news\/wp-json\/wp\/v2\/categories?post=89939"},{"taxonomy":"post_tag","embeddable":true,"href":"https:\/\/tvtecjundiai.com.br\/news\/wp-json\/wp\/v2\/tags?post=89939"}],"curies":[{"name":"wp","href":"https:\/\/api.w.org\/{rel}","templated":true}]}}