{"id":89981,"date":"2022-03-11T16:07:28","date_gmt":"2022-03-11T19:07:28","guid":{"rendered":"https:\/\/tvtecjundiai.com.br\/news\/?p=89981"},"modified":"2022-03-11T16:07:37","modified_gmt":"2022-03-11T19:07:37","slug":"time-jundiai-abre-inscricoes-para-seletiva-da-natacao-competitiva","status":"publish","type":"post","link":"https:\/\/tvtecjundiai.com.br\/news\/2022\/03\/11\/time-jundiai-abre-inscricoes-para-seletiva-da-natacao-competitiva\/","title":{"rendered":"TIME Jundia\u00ed abre inscri\u00e7\u00f5es para seletiva da Nata\u00e7\u00e3o Competitiva"},"content":{"rendered":"\n<p>O TIME Jundia\u00ed est\u00e1 com inscri\u00e7\u00f5es abertas para a 2\u00ba Seletiva da Nata\u00e7\u00e3o Competitiva!<\/p>\n\n\n\n<p>Os treinamentos s\u00e3o administrados pelo Departamento de Esporte de Forma\u00e7\u00e3o e Rendimento (DEFR) da Unidade de Gest\u00e3o de Esportes e Lazer (UGEL) e, ao todo, ser\u00e3o 120 vagas disponibilizadas, divididas em quatro turmas diferentes.<\/p>\n\n\n\n<p>As seletivas acontecem no dia 21 de mar\u00e7o (segunda-feira), no Complexo Aqu\u00e1tico Devanir Wanderley Penteado J\u00fanior \u2013 Localizado no CECE Doutor Nicolino de Lucca, o Bol\u00e3o, que fica na Avenida Amadeu Penteado, sn\u00ba, no bairro Anhangaba\u00fa.<\/p>\n\n\n\n<p>Os novos atletas precisam ter ci\u00eancia que ir\u00e3o representar a cidade em diversos campeonatos durante o ano, sendo assim, precisam ter comprometimento com a equipe, t\u00e9cnicos e com os treinos.<\/p>\n\n\n\n<figure class=\"wp-block-image\"><img decoding=\"async\" src=\"https:\/\/jundiai.sp.gov.br\/noticias\/wp-content\/uploads\/sites\/32\/2022\/03\/jogos-infantis-natacao_c_-76.jpg\" alt=\"\" class=\"wp-image-287687\" \/><\/figure>\n\n\n\n<p>S\u00e3o 30 vagas por hor\u00e1rio, nas seguintes categorias e hor\u00e1rios:<\/p>\n\n\n\n<p><strong>Pr\u00e9-Mirim e Mirim 1<\/strong>&nbsp;\u2013 Para nascidos nos anos de 2013, 2014, 2015 e 2016 \u2013 \u00e0s 7h30<\/p>\n\n\n\n<p><strong>Pr\u00e9-Mirim e Mirim 1<\/strong>&nbsp;\u2013 Para nascidos nos anos de 2013, 2014, 2015 e 2016 \u2013 \u00e0s 14h<\/p>\n\n\n\n<p><strong>Mirim 2 e Petiz&nbsp;<\/strong>\u2013 Para nascidos nos anos de 2010, 2011 e 2012 \u2013 \u00e0s 8h30<\/p>\n\n\n\n<p><strong>Mirim 2 e Petiz<\/strong>&nbsp;\u2013 Para nascidos nos anos de 2010, 2011 e 2012 \u2013 \u00e0s 15h<\/p>\n\n\n\n<p>O aluno dever\u00e1 apresentar um documento com foto e estar trajado adequadamente para o teste, utilizando: Touca de nata\u00e7\u00e3o, mai\u00f4 ou sunqu\u00edni para as meninas, e sunga para os meninos; o uso de \u00f3culos de nata\u00e7\u00e3o \u00e9 opcional.<\/p>\n\n\n\n<figure class=\"wp-block-image\"><img decoding=\"async\" src=\"https:\/\/jundiai.sp.gov.br\/noticias\/wp-content\/uploads\/sites\/32\/2022\/03\/jogos-infantis-natacao_c_-121.jpg\" alt=\"\" class=\"wp-image-287688\" \/><\/figure>\n\n\n\n<p><strong>Modalidades<\/strong><\/p>\n\n\n\n<p>Para os nados Crawl e Costas ser\u00e1 avaliado o posicionamento do corpo, pernada, bra\u00e7ada e a coordena\u00e7\u00e3o do nado, j\u00e1 nos estilos Peito e Borboleta apenas a pernada. Tamb\u00e9m ser\u00e1 avaliado o mergulho, sendo a entrada na \u00e1gua com os bra\u00e7os estendidos. Estes s\u00e3o os crit\u00e9rios m\u00ednimos exigidos, tudo que o aluno souber fazer a mais, aumentar\u00e1 sua pontua\u00e7\u00e3o final.<\/p>\n\n\n\n<p>As inscri\u00e7\u00f5es para participar da seletiva s\u00e3o gratuitas e podem sem feitas at\u00e9 dia 18 (sexta-feira), (ou enquanto ainda restarem vagas) no site Sympla clicando&nbsp;<a href=\"https:\/\/www.sympla.com.br\/evento\/seletiva-para-natacao-competitiva\/1510190\">neste link<\/a>.&nbsp;<\/p>\n\n\n\n<p>Ap\u00f3s o teste, a comiss\u00e3o t\u00e9cnica somar\u00e1 a pontua\u00e7\u00e3o de todos e criar\u00e1 um ranking da maior para a menor nota e, a partir desta lista, chamar\u00e1 os melhores classificados, atrav\u00e9s de e-mail e aplicativo Sympla, para compor a equipe de treinamento da Nata\u00e7\u00e3o de Jundia\u00ed. Esta convoca\u00e7\u00e3o ser\u00e1 realizada at\u00e9 o dia 25 de mar\u00e7o.<\/p>\n\n\n\n<p>Em caso de d\u00favidas, entrar em contato pelos telefones: 4589-6937 \/ 4589-6940 at\u00e9 dia 18, \u00e0s 18h.<\/p>\n\n\n\n<p>Fa\u00e7a j\u00e1 a sua e venha fazer parte do TIME Jundia\u00ed!<\/p>\n\n\n\n<p><em><strong>(Fonte\/Imagem: Prefeitura de Jundia\u00ed)<\/strong><\/em><\/p>\n","protected":false},"excerpt":{"rendered":"<p>Ao todo, ser\u00e3o 120 vagas disponibilizadas, divididas em quatro turmas diferentes.<\/p>\n","protected":false},"author":27,"featured_media":89982,"comment_status":"closed","ping_status":"closed","sticky":false,"template":"","format":"standard","meta":{"footnotes":""},"categories":[8356],"tags":[],"class_list":["post-89981","post","type-post","status-publish","format-standard","has-post-thumbnail","hentry","category-jundiai"],"_links":{"self":[{"href":"https:\/\/tvtecjundiai.com.br\/news\/wp-json\/wp\/v2\/posts\/89981","targetHints":{"allow":["GET"]}}],"collection":[{"href":"https:\/\/tvtecjundiai.com.br\/news\/wp-json\/wp\/v2\/posts"}],"about":[{"href":"https:\/\/tvtecjundiai.com.br\/news\/wp-json\/wp\/v2\/types\/post"}],"author":[{"embeddable":true,"href":"https:\/\/tvtecjundiai.com.br\/news\/wp-json\/wp\/v2\/users\/27"}],"replies":[{"embeddable":true,"href":"https:\/\/tvtecjundiai.com.br\/news\/wp-json\/wp\/v2\/comments?post=89981"}],"version-history":[{"count":1,"href":"https:\/\/tvtecjundiai.com.br\/news\/wp-json\/wp\/v2\/posts\/89981\/revisions"}],"predecessor-version":[{"id":89983,"href":"https:\/\/tvtecjundiai.com.br\/news\/wp-json\/wp\/v2\/posts\/89981\/revisions\/89983"}],"wp:featuredmedia":[{"embeddable":true,"href":"https:\/\/tvtecjundiai.com.br\/news\/wp-json\/wp\/v2\/media\/89982"}],"wp:attachment":[{"href":"https:\/\/tvtecjundiai.com.br\/news\/wp-json\/wp\/v2\/media?parent=89981"}],"wp:term":[{"taxonomy":"category","embeddable":true,"href":"https:\/\/tvtecjundiai.com.br\/news\/wp-json\/wp\/v2\/categories?post=89981"},{"taxonomy":"post_tag","embeddable":true,"href":"https:\/\/tvtecjundiai.com.br\/news\/wp-json\/wp\/v2\/tags?post=89981"}],"curies":[{"name":"wp","href":"https:\/\/api.w.org\/{rel}","templated":true}]}}