{"id":89993,"date":"2022-03-12T09:46:43","date_gmt":"2022-03-12T12:46:43","guid":{"rendered":"https:\/\/tvtecjundiai.com.br\/news\/?p=89993"},"modified":"2022-03-12T09:46:47","modified_gmt":"2022-03-12T12:46:47","slug":"sp-pode-acabar-com-o-uso-de-mascaras-em-ambientes-fechados-em-duas-semanas","status":"publish","type":"post","link":"https:\/\/tvtecjundiai.com.br\/news\/2022\/03\/12\/sp-pode-acabar-com-o-uso-de-mascaras-em-ambientes-fechados-em-duas-semanas\/","title":{"rendered":"SP pode acabar com o uso de m\u00e1scaras em ambientes fechados em duas semanas"},"content":{"rendered":"\n<p>O governador de S\u00e3o Paulo, Jo\u00e3o Doria (PSDB), disse que o uso obrigat\u00f3rio de m\u00e1scara em ambientes fechados no estado deve ser reavaliado daqui a duas semanas.<\/p>\n\n\n\n<p>&#8220;Se tudo continuar correndo bem, S\u00e3o Paulo poder\u00e1 anunciar a libera\u00e7\u00e3o completa do uso de m\u00e1scaras em todos os ambientes, em todas as circunst\u00e2ncias&#8221;, disse Doria. &#8220;Eu n\u00e3o estou anunciando, estou apenas antecipando que os dados, as indica\u00e7\u00f5es, o caminho est\u00e1 iluminado neste sentido&#8221;, completou.<\/p>\n\n\n\n<p>A mudan\u00e7a, no entanto, depende de um parecer do comit\u00ea cient\u00edfico do governo, que deve ser elaborado at\u00e9 o dia 22.<\/p>\n\n\n\n<p>Nesta quarta (9), o governo de S\u00e3o Paulo decidiu retirar a obrigatoriedade do uso de m\u00e1scaras ao ar livre em todo o estado a partir desta quarta (9). Mas, em ambientes fechados, no transporte p\u00fablico e dentro das escolas, o uso permanece obrigat\u00f3rio.<\/p>\n\n\n\n<p>O novo decreto foi publicado no in\u00edcio da tarde em edi\u00e7\u00e3o extra do Di\u00e1rio Oficial na quarta-feira.<\/p>\n\n\n\n<p>A gest\u00e3o estadual tamb\u00e9m anunciou na quarta a libera\u00e7\u00e3o de 100% do p\u00fablico nos est\u00e1dios de futebol.<\/p>\n\n\n\n<figure class=\"wp-block-image size-full\"><img loading=\"lazy\" decoding=\"async\" width=\"1170\" height=\"700\" src=\"https:\/\/tvtecjundiai.com.br\/news\/wp-content\/uploads\/sites\/2\/2020\/11\/ibge.jpg\" alt=\"\" class=\"wp-image-66757\" srcset=\"https:\/\/tvtecjundiai.com.br\/news\/wp-content\/uploads\/sites\/2\/2020\/11\/ibge.jpg 1170w, https:\/\/tvtecjundiai.com.br\/news\/wp-content\/uploads\/sites\/2\/2020\/11\/ibge-300x179.jpg 300w, https:\/\/tvtecjundiai.com.br\/news\/wp-content\/uploads\/sites\/2\/2020\/11\/ibge-768x459.jpg 768w\" sizes=\"auto, (max-width: 1170px) 100vw, 1170px\" \/><\/figure>\n\n\n\n<p><\/p>\n\n\n\n<p><strong>Libera\u00e7\u00e3o em SP<\/strong><br>A libera\u00e7\u00e3o das m\u00e1scaras era estudada desde o final do ano passado pelo Comit\u00ea Cient\u00edfico que orienta a gest\u00e3o de Jo\u00e3o Doria (PSDB).<\/p>\n\n\n\n<p>Com a chegada e o avan\u00e7o da variante \u00f4micron, por\u00e9m, o governo decidiu manter a regra, inicialmente prevista at\u00e9 o final de mar\u00e7o. Desde a semana passada, por\u00e9m, Doria j\u00e1 sinalizava com otimismo mudan\u00e7a na regra.<\/p>\n\n\n\n<p>A medida tamb\u00e9m era analisada pela Prefeitura de S\u00e3o Paulo. Nesta segunda-feira (7), o g1 revelou que um estudo da Vigil\u00e2ncia Sanit\u00e1ria municipal recomendou a libera\u00e7\u00e3o das m\u00e1scaras em locais abertos na cidade, e a manuten\u00e7\u00e3o da obrigatoriedade do equipamento contra a Covid-19 em lugares fechados.<\/p>\n\n\n\n<p>O estudo foi enviado pelo prefeito Ricardo Nunes (MDB) para o vice-governador Rodrigo Garcia (PSDB) e encaminhado ao Comit\u00ea Cient\u00edfico estadual.<\/p>\n\n\n\n<p><\/p>\n\n\n\n<p><strong>Informa\u00e7\u00f5es G1 \/ Fotos divulga\u00e7\u00e3o internet <\/strong><\/p>\n","protected":false},"excerpt":{"rendered":"<p>A mudan\u00e7a, no entanto, depende de um parecer do comit\u00ea cient\u00edfico do governo, que deve ser elaborado at\u00e9 o dia 22.<\/p>\n","protected":false},"author":19,"featured_media":64082,"comment_status":"closed","ping_status":"closed","sticky":false,"template":"","format":"standard","meta":{"footnotes":""},"categories":[1],"tags":[],"class_list":["post-89993","post","type-post","status-publish","format-standard","has-post-thumbnail","hentry","category-noticias"],"_links":{"self":[{"href":"https:\/\/tvtecjundiai.com.br\/news\/wp-json\/wp\/v2\/posts\/89993","targetHints":{"allow":["GET"]}}],"collection":[{"href":"https:\/\/tvtecjundiai.com.br\/news\/wp-json\/wp\/v2\/posts"}],"about":[{"href":"https:\/\/tvtecjundiai.com.br\/news\/wp-json\/wp\/v2\/types\/post"}],"author":[{"embeddable":true,"href":"https:\/\/tvtecjundiai.com.br\/news\/wp-json\/wp\/v2\/users\/19"}],"replies":[{"embeddable":true,"href":"https:\/\/tvtecjundiai.com.br\/news\/wp-json\/wp\/v2\/comments?post=89993"}],"version-history":[{"count":1,"href":"https:\/\/tvtecjundiai.com.br\/news\/wp-json\/wp\/v2\/posts\/89993\/revisions"}],"predecessor-version":[{"id":89997,"href":"https:\/\/tvtecjundiai.com.br\/news\/wp-json\/wp\/v2\/posts\/89993\/revisions\/89997"}],"wp:featuredmedia":[{"embeddable":true,"href":"https:\/\/tvtecjundiai.com.br\/news\/wp-json\/wp\/v2\/media\/64082"}],"wp:attachment":[{"href":"https:\/\/tvtecjundiai.com.br\/news\/wp-json\/wp\/v2\/media?parent=89993"}],"wp:term":[{"taxonomy":"category","embeddable":true,"href":"https:\/\/tvtecjundiai.com.br\/news\/wp-json\/wp\/v2\/categories?post=89993"},{"taxonomy":"post_tag","embeddable":true,"href":"https:\/\/tvtecjundiai.com.br\/news\/wp-json\/wp\/v2\/tags?post=89993"}],"curies":[{"name":"wp","href":"https:\/\/api.w.org\/{rel}","templated":true}]}}