{"id":90001,"date":"2022-03-12T09:58:45","date_gmt":"2022-03-12T12:58:45","guid":{"rendered":"https:\/\/tvtecjundiai.com.br\/news\/?p=90001"},"modified":"2022-03-12T10:08:58","modified_gmt":"2022-03-12T13:08:58","slug":"procon-inicia-vistorias-em-postos-de-combustiveis-para-evitar-aumento-abusivo-de-precos-1","status":"publish","type":"post","link":"https:\/\/tvtecjundiai.com.br\/news\/2022\/03\/12\/procon-inicia-vistorias-em-postos-de-combustiveis-para-evitar-aumento-abusivo-de-precos-1\/","title":{"rendered":"Procon Jundia\u00ed inicia vistorias em postos de combust\u00edveis para evitar aumento abusivo de pre\u00e7os"},"content":{"rendered":"\n<p>Agentes do Procon Jundia\u00ed realizaram nesta sexta-feira (11) as primeiras vistorias em postos de combust\u00edveis ap\u00f3s o an\u00fancio do aumento de pre\u00e7os feito ontem pela Petrobras. O objetivo \u00e9 monitorar as pr\u00e1ticas promovidas pelo setor no munic\u00edpio. O trabalho de vistoria continua nos pr\u00f3ximos dias.<\/p>\n\n\n\n<p>O tema tem merecido especial aten\u00e7\u00e3o de todos os Procons, que t\u00eam redobrado seus esfor\u00e7os no sentido de acompanhar esse processo com a maior proximidade poss\u00edvel para, diante de eventuais abusividades, adotar todas as medidas cab\u00edveis.<\/p>\n\n\n\n<p>Nesse sentido, vale destacar que o Procon Jundia\u00ed mant\u00e9m conv\u00eanio com a Funda\u00e7\u00e3o Procon SP, \u00f3rg\u00e3o de prote\u00e7\u00e3o e defesa do consumidor vinculado ao Governo do Estado de S\u00e3o Paulo, respons\u00e1vel pela coordena\u00e7\u00e3o das a\u00e7\u00f5es de prote\u00e7\u00e3o e defesa do consumidor em \u00e2mbito estadual.<\/p>\n\n\n\n<p>Em rela\u00e7\u00e3o \u00e0 quest\u00e3o dos aumentos de pre\u00e7os dos combust\u00edveis, ainda na quinta-feira (10) a Funda\u00e7\u00e3o PROCON SP disponibilizou em&nbsp;<a href=\"https:\/\/consumidor2.procon.sp.gov.br\/login\" target=\"_blank\" rel=\"noreferrer noopener\">seu site um link<\/a>&nbsp;especificamente destinado a receber den\u00fancias de consumidores de todo o Estado relativas a aumentos levados a efeito antes da entrada em vigor do reajuste divulgado pela Petrobras.&nbsp;<\/p>\n\n\n\n<p>Para encaminhamento direto de demandas ao Procon Jundia\u00ed, o consumidor pode se utilizar das formas de atendimento dispon\u00edveis no site,&nbsp;<a href=\"https:\/\/procon.jundiai.sp.gov.br\/formas-de-atendimento\/\" target=\"_blank\" rel=\"noreferrer noopener\">neste endere\u00e7o eletr\u00f4nico<\/a>.<\/p>\n\n\n\n<p><strong>Informa\u00e7\u00f5es da Prefeitura de Jundia\u00ed <\/strong><\/p>\n","protected":false},"excerpt":{"rendered":"<p>Agentes do Procon Jundia\u00ed realizaram nesta sexta-feira (11) as primeiras vistorias em postos de combust\u00edveis ap\u00f3s o an\u00fancio do aumento de pre\u00e7os feito ontem pela Petrobras. O objetivo \u00e9 monitorar as pr\u00e1ticas promovidas pelo setor no munic\u00edpio. O trabalho de vistoria continua nos pr\u00f3ximos dias. O tema tem merecido especial aten\u00e7\u00e3o de todos os Procons, [&hellip;]<\/p>\n","protected":false},"author":19,"featured_media":78576,"comment_status":"closed","ping_status":"closed","sticky":false,"template":"","format":"standard","meta":{"footnotes":""},"categories":[1],"tags":[],"class_list":["post-90001","post","type-post","status-publish","format-standard","has-post-thumbnail","hentry","category-noticias"],"_links":{"self":[{"href":"https:\/\/tvtecjundiai.com.br\/news\/wp-json\/wp\/v2\/posts\/90001","targetHints":{"allow":["GET"]}}],"collection":[{"href":"https:\/\/tvtecjundiai.com.br\/news\/wp-json\/wp\/v2\/posts"}],"about":[{"href":"https:\/\/tvtecjundiai.com.br\/news\/wp-json\/wp\/v2\/types\/post"}],"author":[{"embeddable":true,"href":"https:\/\/tvtecjundiai.com.br\/news\/wp-json\/wp\/v2\/users\/19"}],"replies":[{"embeddable":true,"href":"https:\/\/tvtecjundiai.com.br\/news\/wp-json\/wp\/v2\/comments?post=90001"}],"version-history":[{"count":2,"href":"https:\/\/tvtecjundiai.com.br\/news\/wp-json\/wp\/v2\/posts\/90001\/revisions"}],"predecessor-version":[{"id":90006,"href":"https:\/\/tvtecjundiai.com.br\/news\/wp-json\/wp\/v2\/posts\/90001\/revisions\/90006"}],"wp:featuredmedia":[{"embeddable":true,"href":"https:\/\/tvtecjundiai.com.br\/news\/wp-json\/wp\/v2\/media\/78576"}],"wp:attachment":[{"href":"https:\/\/tvtecjundiai.com.br\/news\/wp-json\/wp\/v2\/media?parent=90001"}],"wp:term":[{"taxonomy":"category","embeddable":true,"href":"https:\/\/tvtecjundiai.com.br\/news\/wp-json\/wp\/v2\/categories?post=90001"},{"taxonomy":"post_tag","embeddable":true,"href":"https:\/\/tvtecjundiai.com.br\/news\/wp-json\/wp\/v2\/tags?post=90001"}],"curies":[{"name":"wp","href":"https:\/\/api.w.org\/{rel}","templated":true}]}}