{"id":9004,"date":"2018-04-18T17:26:00","date_gmt":"2018-04-18T20:26:00","guid":{"rendered":"https:\/\/tvtecjundiai.com.br\/news\/?p=9004"},"modified":"2018-04-18T17:26:28","modified_gmt":"2018-04-18T20:26:28","slug":"tvtec-estuda-oficina-de-tecnologia-digital-para-vetor-oeste","status":"publish","type":"post","link":"https:\/\/tvtecjundiai.com.br\/news\/2018\/04\/18\/tvtec-estuda-oficina-de-tecnologia-digital-para-vetor-oeste\/","title":{"rendered":"TVTEC estuda oficina de tecnologia digital para Vetor Oeste"},"content":{"rendered":"<p>O vereador Edicarlos Vieira, acompanhado do padre Adriano\u00a0Lu\u00eds Zucculin, do advogado Vinicius Felix Bardi e de Tatiane Bardi, assessora da primeira dama, Vanessa Machado, presidente do Fundo Social de Solidariedade (Funss), estiveram na tarde desta quarta-feira (18) com a jornalista M\u00f4nica Gropelo, superintendente da Funda\u00e7\u00e3o TVE &#8211; Rede TVTEC. O objetivo foi discutir a implanta\u00e7\u00e3o de uma oficina de qualifica\u00e7\u00e3o em tecnologia digital para jovens em vulnerabilidade social, na regi\u00e3o do Residencial Parque Jundia\u00ed e Novo Horizonte.<\/p>\n<div id=\"attachment_9005\" style=\"width: 362px\" class=\"wp-caption alignleft\"><a href=\"https:\/\/tvtecjundiai.com.br\/news\/wp-content\/uploads\/sites\/2\/2018\/04\/20180418_163425-e1524082926167.jpg\"><img loading=\"lazy\" decoding=\"async\" aria-describedby=\"caption-attachment-9005\" class=\"wp-image-9005\" src=\"https:\/\/tvtecjundiai.com.br\/news\/wp-content\/uploads\/sites\/2\/2018\/04\/20180418_163425-e1524082926167-300x213.jpg\" alt=\"\" width=\"352\" height=\"250\" \/><\/a><p id=\"caption-attachment-9005\" class=\"wp-caption-text\">Encontro pode ter sido passo inicial de parceria com Funss para oficinas sobre tecnologia digital nos bairros<\/p><\/div>\n<p>&#8220;Nosso objetivo \u00e9 o de proporcionar essa qualifica\u00e7\u00e3o, viabilizar e estender essas oficinas b\u00e1sicas a todos os bairros da cidade, mas isso \u00e9 um processo, demanda tempo e prepara\u00e7\u00e3o&#8221;, disse M\u00f4nica. &#8220;\u00c9 preciso agora definir o perfil do p\u00fablico a ser atendido nessa regi\u00e3o. Acredito que possamos dar esse passo, um primeiro passo nessa dire\u00e7\u00e3o que \u00e9 a que interessa \u00e0 TVTEC&#8221;, completou.<\/p>\n<p>O vereador Edicarlos explicou que o encontro buscou levar esses cursos, de forma pioneira, para o Vetor Oeste da cidade, numa parceria entre o Funss e a TVTEC. &#8220;\u00c9 muito importante qualificar as pessoas e ter mais gente dispon\u00edvel na \u00e1rea de m\u00eddias sociais, na produ\u00e7\u00e3o e edi\u00e7\u00e3o de v\u00eddeos&#8221;, comentou.<\/p>\n<p>Pedre Adriano, da Par\u00f3quia Nossa Senhora Aparecida, no Novo Horizonte, ficou impressionado com as instala\u00e7\u00f5es da TVTEC. &#8220;N\u00f3s todos precisamos nos unir, crist\u00e3os e n\u00e3o crist\u00e3os. Precisamos unir nossa forma de ser, de pensar e falar, de comunicar pelas m\u00eddias todas, n\u00e3o importa: o importante \u00e9 valorizar sempre nelas, cada vez mais, a solidariedade e o amor entre todos n\u00f3s&#8221;, ponderou o sacerdote.<\/p>\n<p>&#8220;Vamos estudar com carinho essa demanda e um modelo de oficina que atenda as necessidades n\u00e3o s\u00f3 dessa regi\u00e3o, mas que esteja dentro do conceito da emissora, a primeira tev\u00ea p\u00fablica municipal do pa\u00eds a oferecer cursos gratuitos em tecnologia digital e produ\u00e7\u00e3o audiovisual&#8221;, assegurou a superintendente da TVTEC.<\/p>\n","protected":false},"excerpt":{"rendered":"<p>A iniciativa est\u00e1 sendo examinada a pedido do Funss e do vereador Edicarlos <\/p>\n","protected":false},"author":8,"featured_media":9005,"comment_status":"closed","ping_status":"closed","sticky":false,"template":"","format":"standard","meta":{"footnotes":""},"categories":[2834,2832,29],"tags":[2889,15,825],"class_list":["post-9004","post","type-post","status-publish","format-standard","has-post-thumbnail","hentry","category-cidades","category-cursos","category-destaque","tag-oficina-de-tecnologia-digital","tag-tvtec","tag-vetor-oeste"],"_links":{"self":[{"href":"https:\/\/tvtecjundiai.com.br\/news\/wp-json\/wp\/v2\/posts\/9004","targetHints":{"allow":["GET"]}}],"collection":[{"href":"https:\/\/tvtecjundiai.com.br\/news\/wp-json\/wp\/v2\/posts"}],"about":[{"href":"https:\/\/tvtecjundiai.com.br\/news\/wp-json\/wp\/v2\/types\/post"}],"author":[{"embeddable":true,"href":"https:\/\/tvtecjundiai.com.br\/news\/wp-json\/wp\/v2\/users\/8"}],"replies":[{"embeddable":true,"href":"https:\/\/tvtecjundiai.com.br\/news\/wp-json\/wp\/v2\/comments?post=9004"}],"version-history":[{"count":1,"href":"https:\/\/tvtecjundiai.com.br\/news\/wp-json\/wp\/v2\/posts\/9004\/revisions"}],"predecessor-version":[{"id":9006,"href":"https:\/\/tvtecjundiai.com.br\/news\/wp-json\/wp\/v2\/posts\/9004\/revisions\/9006"}],"wp:featuredmedia":[{"embeddable":true,"href":"https:\/\/tvtecjundiai.com.br\/news\/wp-json\/wp\/v2\/media\/9005"}],"wp:attachment":[{"href":"https:\/\/tvtecjundiai.com.br\/news\/wp-json\/wp\/v2\/media?parent=9004"}],"wp:term":[{"taxonomy":"category","embeddable":true,"href":"https:\/\/tvtecjundiai.com.br\/news\/wp-json\/wp\/v2\/categories?post=9004"},{"taxonomy":"post_tag","embeddable":true,"href":"https:\/\/tvtecjundiai.com.br\/news\/wp-json\/wp\/v2\/tags?post=9004"}],"curies":[{"name":"wp","href":"https:\/\/api.w.org\/{rel}","templated":true}]}}