{"id":90085,"date":"2022-03-14T16:11:24","date_gmt":"2022-03-14T19:11:24","guid":{"rendered":"https:\/\/tvtecjundiai.com.br\/news\/?p=90085"},"modified":"2022-03-14T16:11:24","modified_gmt":"2022-03-14T19:11:24","slug":"mauricio-de-sousa-lanca-colecao-em-braile-de-livros-da-menina-cega-dorinha","status":"publish","type":"post","link":"https:\/\/tvtecjundiai.com.br\/news\/2022\/03\/14\/mauricio-de-sousa-lanca-colecao-em-braile-de-livros-da-menina-cega-dorinha\/","title":{"rendered":"Mauricio de Sousa lan\u00e7a cole\u00e7\u00e3o em braile de livros da menina cega Dorinha"},"content":{"rendered":"\n<p>Criador da Turma da M\u00f4nica, Mauricio de Sousa, de 86 anos, tem uma lista imensa de personagens, que encantam gera\u00e7\u00f5es de brasileiros. E cada revistinha das crian\u00e7as do Bairro do Limoeiro traz hist\u00f3rias para divertir crian\u00e7as e adultos tamb\u00e9m. Em mais de 60 anos de carreira, Mauricio ultrapassou a marca de 400 personagens com sua assinatura. <\/p>\n\n\n\n<p>Entre esses, que figuram ao lado de M\u00f4nica, Magali, Cebolinha e Casc\u00e3o, em 2004, surge Dorinha, uma garota com defici\u00eancia visual inspirada na educadora Dorina Nowill. Pois essa menina toda fashion, que usa uma bengalinha para se orientar e tem sempre ao seu lado o c\u00e3o-guia Radar, une ainda mais os la\u00e7os do cartunista com a Funda\u00e7\u00e3o Dorina Nowill sendo a estrela de uma cole\u00e7\u00e3o dedicada \u00e0s crian\u00e7as com dificuldade de vis\u00e3o.<\/p>\n\n\n\n<div class=\"wp-block-image\"><figure class=\"aligncenter is-resized\"><img loading=\"lazy\" decoding=\"async\" src=\"https:\/\/img.estadao.com.br\/resources\/jpg\/1\/0\/1647105985101.jpg\" alt=\"ctv-rv4-dorinha\" width=\"333\" height=\"477\" \/><figcaption>Dorinha, personagem de Mauricio de Sousa Foto: reprodu\u00e7\u00e3o<\/figcaption><\/figure><\/div>\n\n\n\n<p>\u201cDesde que comecei a criar personagens com alguma defici\u00eancia, fui me interessando em conhecer melhor essas hist\u00f3rias para n\u00e3o passar uma imagem errada tanto para a crian\u00e7a que vive essa realidade quanto para as que t\u00eam um desconhecimento sobre o assunto\u201d, conta Mauricio em entrevista ao Estad\u00e3o. No caso espec\u00edfico da Dorinha, conta o seu criador, ao ter a ideia da personagem cega, procurou conhecer Dorina Nowill, que tem uma \u201clinda hist\u00f3ria de luta pelos deficientes visuais\u201d. Na funda\u00e7\u00e3o que leva seu nome, como explica Mauricio, est\u00e3o os melhores especialistas para nos orientar com precis\u00e3o. \u201cAssim, resolvi inclusive dar o nome de nossa personagem lembrando Dorina. Ficou Dorinha, que \u00e9 mais f\u00e1cil para a crian\u00e7a guardar. Dorinha, embora crian\u00e7a, veio com a sabedoria que ouvi de Dorina.\u201d<\/p>\n\n\n\n<p>\u201cCada personagem que criei como a Dorinha (cega), o Luca (cadeirante), o Andr\u00e9 (autista), a Tati (s\u00edndrome de Down), o Humberto (mudo) e at\u00e9 um com distrofia muscular, que \u00e9 o Edu, foram formatados atrav\u00e9s de muita pesquisa com acompanhamento de especialistas e viv\u00eancia\u201d, diz o artista. Segundo ele, \u201ca crian\u00e7a come\u00e7a a entender como esses personagens vivem e \u00e9 incr\u00edvel como elas come\u00e7am a passar essas informa\u00e7\u00f5es aos pais. Entender as diferen\u00e7as \u00e9 base para uma conviv\u00eancia e inclus\u00e3o\u201d.<\/p>\n\n\n\n<p><em><strong>(Fonte: Estad\u00e3o\/Imagem: Reprodu\u00e7\u00e3o)<\/strong><\/em><\/p>\n","protected":false},"excerpt":{"rendered":"<p>Obras com cria\u00e7\u00e3o do desenhista inspiradas na educadora Dorina Nowill ser\u00e3o distribu\u00eddas para entidades pelo Brasil.<\/p>\n","protected":false},"author":25,"featured_media":90088,"comment_status":"closed","ping_status":"closed","sticky":false,"template":"","format":"standard","meta":{"footnotes":""},"categories":[2833,1],"tags":[],"class_list":["post-90085","post","type-post","status-publish","format-standard","has-post-thumbnail","hentry","category-cultura","category-noticias"],"_links":{"self":[{"href":"https:\/\/tvtecjundiai.com.br\/news\/wp-json\/wp\/v2\/posts\/90085","targetHints":{"allow":["GET"]}}],"collection":[{"href":"https:\/\/tvtecjundiai.com.br\/news\/wp-json\/wp\/v2\/posts"}],"about":[{"href":"https:\/\/tvtecjundiai.com.br\/news\/wp-json\/wp\/v2\/types\/post"}],"author":[{"embeddable":true,"href":"https:\/\/tvtecjundiai.com.br\/news\/wp-json\/wp\/v2\/users\/25"}],"replies":[{"embeddable":true,"href":"https:\/\/tvtecjundiai.com.br\/news\/wp-json\/wp\/v2\/comments?post=90085"}],"version-history":[{"count":1,"href":"https:\/\/tvtecjundiai.com.br\/news\/wp-json\/wp\/v2\/posts\/90085\/revisions"}],"predecessor-version":[{"id":90089,"href":"https:\/\/tvtecjundiai.com.br\/news\/wp-json\/wp\/v2\/posts\/90085\/revisions\/90089"}],"wp:featuredmedia":[{"embeddable":true,"href":"https:\/\/tvtecjundiai.com.br\/news\/wp-json\/wp\/v2\/media\/90088"}],"wp:attachment":[{"href":"https:\/\/tvtecjundiai.com.br\/news\/wp-json\/wp\/v2\/media?parent=90085"}],"wp:term":[{"taxonomy":"category","embeddable":true,"href":"https:\/\/tvtecjundiai.com.br\/news\/wp-json\/wp\/v2\/categories?post=90085"},{"taxonomy":"post_tag","embeddable":true,"href":"https:\/\/tvtecjundiai.com.br\/news\/wp-json\/wp\/v2\/tags?post=90085"}],"curies":[{"name":"wp","href":"https:\/\/api.w.org\/{rel}","templated":true}]}}