{"id":90091,"date":"2022-03-14T16:55:25","date_gmt":"2022-03-14T19:55:25","guid":{"rendered":"https:\/\/tvtecjundiai.com.br\/news\/?p=90091"},"modified":"2022-03-14T16:55:30","modified_gmt":"2022-03-14T19:55:30","slug":"enredanca-festival-realizado-em-abril-reunira-670-bailarinos-inscritos","status":"publish","type":"post","link":"https:\/\/tvtecjundiai.com.br\/news\/2022\/03\/14\/enredanca-festival-realizado-em-abril-reunira-670-bailarinos-inscritos\/","title":{"rendered":"Enredan\u00e7a: festival realizado em abril, reunir\u00e1 670 bailarinos inscritos"},"content":{"rendered":"\n<p>Ap\u00f3s dois anos de realiza\u00e7\u00e3o on-line, o&nbsp;<a href=\"https:\/\/cultura.jundiai.sp.gov.br\/enredanca\/\" target=\"_blank\" rel=\"noreferrer noopener\">Enredan\u00e7a chega a 2022 \u00e0 sua 24\u00aa edi\u00e7\u00e3o de volta ao formato presencial<\/a>, com programa\u00e7\u00e3o entre os dias 08 a 24 de abril. Para esta edi\u00e7\u00e3o, a Unidade de Gest\u00e3o de Cultura (UGC) recebeu as inscri\u00e7\u00f5es de 670 bailarinos e de 278 coreografias, que ser\u00e3o apresentadas por 69 grupos, escolas ou artistas solos, de 20 diferentes cidades paulistas.<\/p>\n\n\n\n<p>Pelas mostras paralelas, as apresenta\u00e7\u00f5es inscritas ser\u00e3o realizadas em locais diversos da cidade, como o Complexo Fepasa, outros equipamentos culturais e demais espa\u00e7os na regi\u00e3o Central e em alguns bairros da cidade.<\/p>\n\n\n\n<figure class=\"wp-block-image\"><img decoding=\"async\" src=\"https:\/\/jundiai.sp.gov.br\/noticias\/wp-content\/uploads\/sites\/32\/2022\/03\/enredanca_polytheama-10.jpg\" alt=\"\" class=\"wp-image-287826\" \/><figcaption>Programa\u00e7\u00e3o do festival este ano ser\u00e1 entre os dias 08 a 24 de abril<\/figcaption><\/figure>\n\n\n\n<p>J\u00e1 as apresenta\u00e7\u00f5es competitivas ser\u00e3o realizadas no Teatro Polytheama, entre os dias 16 a 24 de abril. No \u00faltimo dia do festival ser\u00e3o realizados ainda a Matin\u00ea e a Noite de Gala, quando ser\u00e3o feitas as premia\u00e7\u00f5es de R$ 1 mil ou R$ 2 mil para os melhores bailarinos, revela\u00e7\u00f5es, conjunto e coreografia.<\/p>\n\n\n\n<p>Para a edi\u00e7\u00e3o 2022 do Enredan\u00e7a, nas categorias Infantil, Juvenil e Adulto, o festival recebeu inscri\u00e7\u00f5es nas modalidades Cl\u00e1ssico de Repert\u00f3rio (Varia\u00e7\u00e3o e Pas de Deux, Grand Pas de Deux e Grand Pas de Trois e Conjunto), Cl\u00e1ssico Livre, Neocl\u00e1ssico, Contempor\u00e2neo, Dan\u00e7a Esportiva, Dan\u00e7a de Sal\u00e3o, Dan\u00e7a do Ventre, Dan\u00e7as Populares, Dan\u00e7a Urbana, Estilo Livre, Flamenco, Jazz e Sapateado Americano.<\/p>\n\n\n\n<p><strong>Mais festivais<br><\/strong><a href=\"https:\/\/cultura.jundiai.sp.gov.br\/festeju\/\" target=\"_blank\" rel=\"noreferrer noopener\">A UGC recebe at\u00e9 o dia 09 de abril as inscri\u00e7\u00f5es para a realiza\u00e7\u00e3o do 6\u00ba Festival de Teatro de Jundia\u00ed (FESTEJU)<\/a>. Podem se inscrever integrantes e espet\u00e1culos teatrais para a sele\u00e7\u00e3o e premia\u00e7\u00e3o, tanto pela Cena Amadora quanto pela Cena Profissional.<\/p>\n\n\n\n<p>O FESTEJU ser\u00e1 realizado entre os dias 06 a 26 de junho de 2022 no Teatro Polytheama, Complexo Fepasa, al\u00e9m de outros equipamentos culturais municipais.<\/p>\n\n\n\n<p><strong><em>(Fonte\/Imagem: Prefeitura de Jundia\u00ed)<\/em><\/strong><\/p>\n","protected":false},"excerpt":{"rendered":"<p>Programa\u00e7\u00e3o do festival este ano ser\u00e1 entre os dias 08 a 24 de abril.<\/p>\n","protected":false},"author":27,"featured_media":90092,"comment_status":"closed","ping_status":"closed","sticky":false,"template":"","format":"standard","meta":{"footnotes":""},"categories":[2833,8356],"tags":[],"class_list":["post-90091","post","type-post","status-publish","format-standard","has-post-thumbnail","hentry","category-cultura","category-jundiai"],"_links":{"self":[{"href":"https:\/\/tvtecjundiai.com.br\/news\/wp-json\/wp\/v2\/posts\/90091","targetHints":{"allow":["GET"]}}],"collection":[{"href":"https:\/\/tvtecjundiai.com.br\/news\/wp-json\/wp\/v2\/posts"}],"about":[{"href":"https:\/\/tvtecjundiai.com.br\/news\/wp-json\/wp\/v2\/types\/post"}],"author":[{"embeddable":true,"href":"https:\/\/tvtecjundiai.com.br\/news\/wp-json\/wp\/v2\/users\/27"}],"replies":[{"embeddable":true,"href":"https:\/\/tvtecjundiai.com.br\/news\/wp-json\/wp\/v2\/comments?post=90091"}],"version-history":[{"count":1,"href":"https:\/\/tvtecjundiai.com.br\/news\/wp-json\/wp\/v2\/posts\/90091\/revisions"}],"predecessor-version":[{"id":90093,"href":"https:\/\/tvtecjundiai.com.br\/news\/wp-json\/wp\/v2\/posts\/90091\/revisions\/90093"}],"wp:featuredmedia":[{"embeddable":true,"href":"https:\/\/tvtecjundiai.com.br\/news\/wp-json\/wp\/v2\/media\/90092"}],"wp:attachment":[{"href":"https:\/\/tvtecjundiai.com.br\/news\/wp-json\/wp\/v2\/media?parent=90091"}],"wp:term":[{"taxonomy":"category","embeddable":true,"href":"https:\/\/tvtecjundiai.com.br\/news\/wp-json\/wp\/v2\/categories?post=90091"},{"taxonomy":"post_tag","embeddable":true,"href":"https:\/\/tvtecjundiai.com.br\/news\/wp-json\/wp\/v2\/tags?post=90091"}],"curies":[{"name":"wp","href":"https:\/\/api.w.org\/{rel}","templated":true}]}}