{"id":90101,"date":"2022-03-15T08:55:55","date_gmt":"2022-03-15T11:55:55","guid":{"rendered":"https:\/\/tvtecjundiai.com.br\/news\/?p=90101"},"modified":"2022-03-15T08:56:01","modified_gmt":"2022-03-15T11:56:01","slug":"sexta-no-museu-desta-sexta-18-tera-apresentacoes-de-cultura-popular-mpb-e-musica-instrumental","status":"publish","type":"post","link":"https:\/\/tvtecjundiai.com.br\/news\/2022\/03\/15\/sexta-no-museu-desta-sexta-18-tera-apresentacoes-de-cultura-popular-mpb-e-musica-instrumental\/","title":{"rendered":"\u2018Sexta no Museu\u2019 desta sexta (18) ter\u00e1 apresenta\u00e7\u00f5es de cultura popular, MPB e m\u00fasica instrumental"},"content":{"rendered":"\n<p>Com uma programa\u00e7\u00e3o diversificada, a Unidade de Gest\u00e3o de Cultura (UGC) reservou para esta sexta-feira (18) a quarta edi\u00e7\u00e3o da a\u00e7\u00e3o \u201cSexta no Museu\u201d. Com entrada gratuita, o p\u00fablico poder\u00e1 conferir, das 16h \u00e0s 19h, as apresenta\u00e7\u00f5es no Museu Hist\u00f3rico e Cultural \u2013 Solar do Bar\u00e3o de artistas contemplados em editais lan\u00e7ados pela Unidade, como o CulturaMais e o Cultura Negra.<\/p>\n\n\n\n<figure class=\"wp-block-image size-large\"><img loading=\"lazy\" decoding=\"async\" width=\"1200\" height=\"800\" src=\"https:\/\/tvtecjundiai.com.br\/news\/wp-content\/uploads\/sites\/2\/2022\/03\/51862525518_8550a97bd9_o-1200x800.jpg\" alt=\"\" class=\"wp-image-90102\" srcset=\"https:\/\/tvtecjundiai.com.br\/news\/wp-content\/uploads\/sites\/2\/2022\/03\/51862525518_8550a97bd9_o-1200x800.jpg 1200w, https:\/\/tvtecjundiai.com.br\/news\/wp-content\/uploads\/sites\/2\/2022\/03\/51862525518_8550a97bd9_o-300x200.jpg 300w, https:\/\/tvtecjundiai.com.br\/news\/wp-content\/uploads\/sites\/2\/2022\/03\/51862525518_8550a97bd9_o-768x512.jpg 768w, https:\/\/tvtecjundiai.com.br\/news\/wp-content\/uploads\/sites\/2\/2022\/03\/51862525518_8550a97bd9_o.jpg 1280w\" sizes=\"auto, (max-width: 1200px) 100vw, 1200px\" \/><figcaption>Iniciativa chega \u00e0 sua quarta edi\u00e7\u00e3o, com programa\u00e7\u00e3o gratuita no museu das 16h \u00e0s 19h<\/figcaption><\/figure>\n\n\n\n<p>A abertura da programa\u00e7\u00e3o na Sala Jahyr Accioly de Souza, \u00e0s 16h, fica por conta do espet\u00e1culo \u201cSambada\u201d, com o grupo Coco das \u00c1guas Doces, formado por Ana Cristina Jorge, Ana Luiza Silva, Carolina Lopes, Caroline Verzenhassi e Karina Serikawa. No repert\u00f3rio o grupo trar\u00e1 m\u00fasicas autorais e de dom\u00ednio p\u00fablico, destacando as influ\u00eancias do coco de roda, uma tradi\u00e7\u00e3o da cultura popular brasileira.<\/p>\n\n\n\n<p>\u00c0s 17h, Tato Andreatta Trio apresenta para o p\u00fablico \u201cCan\u00e7\u00f5es que tocam\u201d. Um show de m\u00fasica instrumental reunindo o melhor das can\u00e7\u00f5es da MPB. O trio \u00e9 formado pelos m\u00fasicos Eduardo Malta, contrabaixista e produtor musical; Fulvio Lucietto, saxofonista e educador musical; e Tato Andreta, tecladista e arranjador.<\/p>\n\n\n\n<p>No encerramento da programa\u00e7\u00e3o, \u00e0s 18h, ser\u00e1 a vez da apresenta\u00e7\u00e3o da cantora Shelly Simon, acompanhada do seu trio ac\u00fastico, formado pelos m\u00fasicos Thiago Louren\u00e7o, pianista; Pedro Ivo, baterista e percussionista e Samuka Pisse, violinista e guitarrista. Na apresenta\u00e7\u00e3o do \u201cThis is Simon Shelly\u201d, sucessos da m\u00fasica nacional e estrangeira garantir\u00e3o um passeio pelos ritmos como Jazz, Blues, Bossa Nova, Samba, Rock e outros.<\/p>\n\n\n\n<figure class=\"wp-block-image size-full\"><img loading=\"lazy\" decoding=\"async\" width=\"983\" height=\"190\" src=\"https:\/\/tvtecjundiai.com.br\/news\/wp-content\/uploads\/sites\/2\/2022\/03\/guigu.png\" alt=\"\" class=\"wp-image-90103\" srcset=\"https:\/\/tvtecjundiai.com.br\/news\/wp-content\/uploads\/sites\/2\/2022\/03\/guigu.png 983w, https:\/\/tvtecjundiai.com.br\/news\/wp-content\/uploads\/sites\/2\/2022\/03\/guigu-300x58.png 300w, https:\/\/tvtecjundiai.com.br\/news\/wp-content\/uploads\/sites\/2\/2022\/03\/guigu-768x148.png 768w\" sizes=\"auto, (max-width: 983px) 100vw, 983px\" \/><\/figure>\n\n\n\n<p>A participa\u00e7\u00e3o do p\u00fablico ser\u00e1 por ordem de chegada ao local, com limite m\u00e1ximo de 50 participantes. Ser\u00e3o obrigat\u00f3rios o uso de m\u00e1scara e distanciamento social. No local haver\u00e1 disponibilidade de t\u00f3tens de \u00e1lcool gel seguindo as determina\u00e7\u00f5es do Comit\u00ea Municipal de Preven\u00e7\u00e3o e Enfrentamento ao Coronav\u00edrus (CEC).<\/p>\n\n\n\n<p>O Museu fica na rua Bar\u00e3o de Jundia\u00ed, 762, no Centro. Mais informa\u00e7\u00f5es pelos telefones (11) 4589-6800 e (11) 4521-6259.<\/p>\n\n\n\n<p><strong><em>(Fonte\/Imagens: Prefeitura de Jundia\u00ed)<\/em><\/strong><\/p>\n","protected":false},"excerpt":{"rendered":"<p>Participa\u00e7\u00e3o do p\u00fablico ser\u00e1 por ordem de chegada, com limite m\u00e1ximo de 50 participantes<\/p>\n","protected":false},"author":30,"featured_media":90102,"comment_status":"closed","ping_status":"closed","sticky":false,"template":"","format":"standard","meta":{"footnotes":""},"categories":[2833,8356,1],"tags":[],"class_list":["post-90101","post","type-post","status-publish","format-standard","has-post-thumbnail","hentry","category-cultura","category-jundiai","category-noticias"],"_links":{"self":[{"href":"https:\/\/tvtecjundiai.com.br\/news\/wp-json\/wp\/v2\/posts\/90101","targetHints":{"allow":["GET"]}}],"collection":[{"href":"https:\/\/tvtecjundiai.com.br\/news\/wp-json\/wp\/v2\/posts"}],"about":[{"href":"https:\/\/tvtecjundiai.com.br\/news\/wp-json\/wp\/v2\/types\/post"}],"author":[{"embeddable":true,"href":"https:\/\/tvtecjundiai.com.br\/news\/wp-json\/wp\/v2\/users\/30"}],"replies":[{"embeddable":true,"href":"https:\/\/tvtecjundiai.com.br\/news\/wp-json\/wp\/v2\/comments?post=90101"}],"version-history":[{"count":1,"href":"https:\/\/tvtecjundiai.com.br\/news\/wp-json\/wp\/v2\/posts\/90101\/revisions"}],"predecessor-version":[{"id":90104,"href":"https:\/\/tvtecjundiai.com.br\/news\/wp-json\/wp\/v2\/posts\/90101\/revisions\/90104"}],"wp:featuredmedia":[{"embeddable":true,"href":"https:\/\/tvtecjundiai.com.br\/news\/wp-json\/wp\/v2\/media\/90102"}],"wp:attachment":[{"href":"https:\/\/tvtecjundiai.com.br\/news\/wp-json\/wp\/v2\/media?parent=90101"}],"wp:term":[{"taxonomy":"category","embeddable":true,"href":"https:\/\/tvtecjundiai.com.br\/news\/wp-json\/wp\/v2\/categories?post=90101"},{"taxonomy":"post_tag","embeddable":true,"href":"https:\/\/tvtecjundiai.com.br\/news\/wp-json\/wp\/v2\/tags?post=90101"}],"curies":[{"name":"wp","href":"https:\/\/api.w.org\/{rel}","templated":true}]}}