{"id":90121,"date":"2022-03-15T09:50:08","date_gmt":"2022-03-15T12:50:08","guid":{"rendered":"https:\/\/tvtecjundiai.com.br\/news\/?p=90121"},"modified":"2022-03-15T09:50:08","modified_gmt":"2022-03-15T12:50:08","slug":"circo-maximus-estreia-em-jundiai-pela-primeira-vez-no-maxi-shopping","status":"publish","type":"post","link":"https:\/\/tvtecjundiai.com.br\/news\/2022\/03\/15\/circo-maximus-estreia-em-jundiai-pela-primeira-vez-no-maxi-shopping\/","title":{"rendered":"Circo Maximus estreia em Jundia\u00ed pela primeira vez, no Maxi Shopping"},"content":{"rendered":"\n<p>O Circo Maximus est\u00e1 em contagem regressiva para sua estreia em Jundia\u00ed. Pela primeira vez na cidade, a trupe paranaense estende sua lona no Maxi Shopping Jundia\u00ed, a partir do dia 18 de mar\u00e7o, \u00e0s 20h. Uma mistura de alegria, divers\u00e3o e muita tecnologia nos n\u00fameros que prometem reviver a alegria circense de crian\u00e7as e adultos. Entre a grandes atra\u00e7\u00f5es, o cantor Rafael Garcez (conhecido como \u201cGaroto do Circo\u201d por se apresentar cantando no picadeiro desde crian\u00e7a), \u00e9 presen\u00e7a confirmada nesta temporada. Ele j\u00e1 \u00e9 o mais novo nome do estilo sertanejo associado ao pop com o hit \u2018Apaixonadim\u2019.\u00a0\u00a0<\/p>\n\n\n\n<div class=\"wp-block-image\"><figure class=\"aligncenter size-full is-resized\"><img loading=\"lazy\" decoding=\"async\" src=\"https:\/\/tvtecjundiai.com.br\/news\/wp-content\/uploads\/sites\/2\/2022\/03\/circo.png\" alt=\"\" class=\"wp-image-90123\" width=\"751\" height=\"498\" srcset=\"https:\/\/tvtecjundiai.com.br\/news\/wp-content\/uploads\/sites\/2\/2022\/03\/circo.png 862w, https:\/\/tvtecjundiai.com.br\/news\/wp-content\/uploads\/sites\/2\/2022\/03\/circo-300x199.png 300w, https:\/\/tvtecjundiai.com.br\/news\/wp-content\/uploads\/sites\/2\/2022\/03\/circo-768x510.png 768w\" sizes=\"auto, (max-width: 751px) 100vw, 751px\" \/><\/figure><\/div>\n\n\n\n<p>Em breve temporada, o p\u00fablico contar\u00e1 tamb\u00e9m com n\u00fameros tradicionais de palha\u00e7os, malabaristas, equilibristas, contorcionistas e um globo da morte com cinco motoqueiros. Al\u00e9m disso, a tradi\u00e7\u00e3o circense tamb\u00e9m ser\u00e1 apresentada com efeitos especiais em apresenta\u00e7\u00f5es que prometem agradar a todos os gostos. Cada espet\u00e1culo, uma nova surpresa. E para fechar com chave de ouro, uma atra\u00e7\u00e3o direto do Beto Carrero World, o Arqueiro &#8211; n\u00famero de extrema periculosidade.\u00a0\u00a0<\/p>\n\n\n\n<p>Na entrada, uma mega estrutura conta com bonecos de fibra onde a crian\u00e7ada poder\u00e1 se divertir tirando fotos pra guardar de recorda\u00e7\u00e3o. Uma pra\u00e7a de alimenta\u00e7\u00e3o tamb\u00e9m ser\u00e1 montada com acomoda\u00e7\u00f5es e comidas tradicionais como ma\u00e7\u00e3 do amor, churros, pipoca, cachorro-quente e muito mais.\u00a0\u00a0\u00a0\u201cNos adultos, os espet\u00e1culos t\u00eam o compromisso de resgatar emo\u00e7\u00f5es adormecidas e a paix\u00e3o pela arte atrav\u00e9s do circo\u201d, diz o gerente Denilson Fagundes.\u00a0\u00a0<\/p>\n\n\n\n<div class=\"wp-block-image\"><figure class=\"aligncenter size-large is-resized\"><img loading=\"lazy\" decoding=\"async\" src=\"https:\/\/tvtecjundiai.com.br\/news\/wp-content\/uploads\/sites\/2\/2022\/03\/Circo-Maximus_2-1200x800.jpg\" alt=\"\" class=\"wp-image-90122\" width=\"749\" height=\"499\" srcset=\"https:\/\/tvtecjundiai.com.br\/news\/wp-content\/uploads\/sites\/2\/2022\/03\/Circo-Maximus_2-1200x800.jpg 1200w, https:\/\/tvtecjundiai.com.br\/news\/wp-content\/uploads\/sites\/2\/2022\/03\/Circo-Maximus_2-300x200.jpg 300w, https:\/\/tvtecjundiai.com.br\/news\/wp-content\/uploads\/sites\/2\/2022\/03\/Circo-Maximus_2-768x512.jpg 768w, https:\/\/tvtecjundiai.com.br\/news\/wp-content\/uploads\/sites\/2\/2022\/03\/Circo-Maximus_2.jpg 1280w\" sizes=\"auto, (max-width: 749px) 100vw, 749px\" \/><\/figure><\/div>\n\n\n\n<p>Para maior seguran\u00e7a do p\u00fablico, s\u00f3 ser\u00e1 permitida a entrada no espa\u00e7o com uso de m\u00e1scaras. Em cada parte do local, ser\u00e1 disponibilizado \u00e1lcool em gel para higieniza\u00e7\u00e3o das m\u00e3os. Cada apresenta\u00e7\u00e3o dura em m\u00e9dia 1h e 40min.\u00a0\u00a0\u00a0<\/p>\n\n\n\n<p><strong>Circo Maximus em Jundia\u00ed<\/strong><\/p>\n\n\n\n<ul class=\"wp-block-list\"><li>A partir do dia 18 de mar\u00e7o\u00a0\u00a0<\/li><li>Hor\u00e1rio: de segunda a sexta, \u00e0s 20h; s\u00e1bados e domingos, \u00e0s 16h, 18h e 20h\u00a0\u00a0<\/li><li>Endere\u00e7o: Maxi Shopping Jundia\u00ed<\/li><li>Instagram: @circomaximus_filial2\u00a0\u00a0<\/li><li>Valores: Setor Lateral: infantil R$ 15, adulto R$ 30 \/ Setor Central: infantil R$ 20, adulto R$ 40 \/ Setor Camarote: Infantil R$ 30, adulto R$ 60.\u00a0\u00a0<\/li><\/ul>\n\n\n\n<p>Ingressos: Bilheteria do Circo ou pelo site\u00a0<a rel=\"noreferrer noopener\" href=\"https:\/\/www.canva.com\/design\/DAEgzXL74fs\/4XnZ4Nr8zhBoV8nbfJumUw\/view?website#2\" target=\"_blank\">https:\/\/www.canva.com\/design\/DAEgzXL74fs\/4XnZ4Nr8zhBoV8nbfJumUw\/view?website#2<\/a>\u00a0<\/p>\n\n\n\n<p><strong><em>(Fonte\/Imagens: Circo Maximus)<\/em><\/strong><\/p>\n","protected":false},"excerpt":{"rendered":"<p>P\u00fablico ver\u00e1 apresenta\u00e7\u00f5es que misturam a tradi\u00e7\u00e3o circense com tecnologias<\/p>\n","protected":false},"author":30,"featured_media":90123,"comment_status":"closed","ping_status":"closed","sticky":false,"template":"","format":"standard","meta":{"footnotes":""},"categories":[2833,29,8356,8354,1],"tags":[],"class_list":["post-90121","post","type-post","status-publish","format-standard","has-post-thumbnail","hentry","category-cultura","category-destaque","category-jundiai","category-lazer","category-noticias"],"_links":{"self":[{"href":"https:\/\/tvtecjundiai.com.br\/news\/wp-json\/wp\/v2\/posts\/90121","targetHints":{"allow":["GET"]}}],"collection":[{"href":"https:\/\/tvtecjundiai.com.br\/news\/wp-json\/wp\/v2\/posts"}],"about":[{"href":"https:\/\/tvtecjundiai.com.br\/news\/wp-json\/wp\/v2\/types\/post"}],"author":[{"embeddable":true,"href":"https:\/\/tvtecjundiai.com.br\/news\/wp-json\/wp\/v2\/users\/30"}],"replies":[{"embeddable":true,"href":"https:\/\/tvtecjundiai.com.br\/news\/wp-json\/wp\/v2\/comments?post=90121"}],"version-history":[{"count":1,"href":"https:\/\/tvtecjundiai.com.br\/news\/wp-json\/wp\/v2\/posts\/90121\/revisions"}],"predecessor-version":[{"id":90124,"href":"https:\/\/tvtecjundiai.com.br\/news\/wp-json\/wp\/v2\/posts\/90121\/revisions\/90124"}],"wp:featuredmedia":[{"embeddable":true,"href":"https:\/\/tvtecjundiai.com.br\/news\/wp-json\/wp\/v2\/media\/90123"}],"wp:attachment":[{"href":"https:\/\/tvtecjundiai.com.br\/news\/wp-json\/wp\/v2\/media?parent=90121"}],"wp:term":[{"taxonomy":"category","embeddable":true,"href":"https:\/\/tvtecjundiai.com.br\/news\/wp-json\/wp\/v2\/categories?post=90121"},{"taxonomy":"post_tag","embeddable":true,"href":"https:\/\/tvtecjundiai.com.br\/news\/wp-json\/wp\/v2\/tags?post=90121"}],"curies":[{"name":"wp","href":"https:\/\/api.w.org\/{rel}","templated":true}]}}