{"id":9015,"date":"2018-04-19T09:02:56","date_gmt":"2018-04-19T12:02:56","guid":{"rendered":"https:\/\/tvtecjundiai.com.br\/news\/?p=9015"},"modified":"2018-04-19T09:02:56","modified_gmt":"2018-04-19T12:02:56","slug":"ugisp-avalia-condicoes-de-arvores-em-vistoria-preventiva","status":"publish","type":"post","link":"https:\/\/tvtecjundiai.com.br\/news\/2018\/04\/19\/ugisp-avalia-condicoes-de-arvores-em-vistoria-preventiva\/","title":{"rendered":"UGISP avalia condi\u00e7\u00f5es de \u00e1rvores em vistoria preventiva"},"content":{"rendered":"<p>A Unidade de Gest\u00e3o de Infraestrutura e Servi\u00e7os P\u00fablicos (UGISP) deu in\u00edcio esta semana a uma a\u00e7\u00e3o de vistorias preventivas em \u00e1rvores localizadas em v\u00e1rios bairros do Munic\u00edpio, a fim de identificar a necessidade de podas ou outras interven\u00e7\u00f5es. O esfor\u00e7o concentrado de inspe\u00e7\u00e3o vai durar 30 dias e tem como objetivo tamb\u00e9m resgatar e atender pedidos feitos pela popula\u00e7\u00e3o.<\/p>\n<div id=\"attachment_9024\" style=\"width: 392px\" class=\"wp-caption alignleft\"><a href=\"https:\/\/tvtecjundiai.com.br\/news\/wp-content\/uploads\/sites\/2\/2018\/04\/vistoria-para-poda-de-arvores_c_-8.jpg\"><img loading=\"lazy\" decoding=\"async\" aria-describedby=\"caption-attachment-9024\" class=\"wp-image-9024\" src=\"https:\/\/tvtecjundiai.com.br\/news\/wp-content\/uploads\/sites\/2\/2018\/04\/vistoria-para-poda-de-arvores_c_-8-300x206.jpg\" alt=\"\" width=\"382\" height=\"262\" srcset=\"https:\/\/tvtecjundiai.com.br\/news\/wp-content\/uploads\/sites\/2\/2018\/04\/vistoria-para-poda-de-arvores_c_-8-300x206.jpg 300w, https:\/\/tvtecjundiai.com.br\/news\/wp-content\/uploads\/sites\/2\/2018\/04\/vistoria-para-poda-de-arvores_c_-8-768x528.jpg 768w, https:\/\/tvtecjundiai.com.br\/news\/wp-content\/uploads\/sites\/2\/2018\/04\/vistoria-para-poda-de-arvores_c_-8-1200x825.jpg 1200w, https:\/\/tvtecjundiai.com.br\/news\/wp-content\/uploads\/sites\/2\/2018\/04\/vistoria-para-poda-de-arvores_c_-8.jpg 1240w\" sizes=\"auto, (max-width: 382px) 100vw, 382px\" \/><\/a><p id=\"caption-attachment-9024\" class=\"wp-caption-text\">A expectativa \u00e9 que sejam realizadas 12 inspe\u00e7\u00f5es di\u00e1rias<\/p><\/div>\n<p>Segundo o engenheiro da UGISP, Fernando Almeida, a avalia\u00e7\u00e3o das \u00e1rvores urbanas \u00e9 fundamental para manter seu desenvolvimento adequado, controlar riscos e garantir os benef\u00edcios da arboriza\u00e7\u00e3o para a popula\u00e7\u00e3o. \u201cOs trabalhos de inspe\u00e7\u00e3o requerem conhecimento, m\u00e9todo e organiza\u00e7\u00e3o das informa\u00e7\u00f5es, de forma a elaborar laudos corretos e atender \u00e0s necessidades tanto das \u00e1rvores quanto da popula\u00e7\u00e3o. Cinco t\u00e9cnicos j\u00e1 est\u00e3o atuando na cidade, por meio de um cronograma dividido por regi\u00f5es\u201d, explica.<\/p>\n<p>Com uma m\u00e9dia estimada de 12 inspe\u00e7\u00f5es di\u00e1rias por pessoa \u2013 h\u00e1 uma grande varia\u00e7\u00e3o nesse n\u00famero em fun\u00e7\u00e3o da complexidade de cada caso, localiza\u00e7\u00e3o e deslocamentos e demais servi\u00e7os de rotina \u2013 a expectativa \u00e9 de que a equipe seja capaz de atender cerca de 60 pedidos por semana. \u201cDesta forma o atendimento \u00e0 popula\u00e7\u00e3o e os cuidados com as \u00e1rvores devem voltar aos n\u00edveis adequados em algumas semanas\u201d, acrescenta o engenheiro.<\/p>\n<p><em>(Fonte: Prefeitura de Jundia\u00ed)<\/em><\/p>\n","protected":false},"excerpt":{"rendered":"<p>A a\u00e7\u00e3o deve durar 30 dias e, segundo especialistas, haver\u00e1 um cronograma dividido por regi\u00e3o <\/p>\n","protected":false},"author":11,"featured_media":9024,"comment_status":"closed","ping_status":"closed","sticky":false,"template":"","format":"standard","meta":{"footnotes":""},"categories":[2834,1],"tags":[2893,106,2112,1842,556,669,136,487,2892],"class_list":["post-9015","post","type-post","status-publish","format-standard","has-post-thumbnail","hentry","category-cidades","category-noticias","tag-arvores","tag-bairros","tag-cidades","tag-fundacao-tve","tag-noticias","tag-prevencao","tag-rede-tvtec","tag-ugisp","tag-vistorias"],"_links":{"self":[{"href":"https:\/\/tvtecjundiai.com.br\/news\/wp-json\/wp\/v2\/posts\/9015","targetHints":{"allow":["GET"]}}],"collection":[{"href":"https:\/\/tvtecjundiai.com.br\/news\/wp-json\/wp\/v2\/posts"}],"about":[{"href":"https:\/\/tvtecjundiai.com.br\/news\/wp-json\/wp\/v2\/types\/post"}],"author":[{"embeddable":true,"href":"https:\/\/tvtecjundiai.com.br\/news\/wp-json\/wp\/v2\/users\/11"}],"replies":[{"embeddable":true,"href":"https:\/\/tvtecjundiai.com.br\/news\/wp-json\/wp\/v2\/comments?post=9015"}],"version-history":[{"count":1,"href":"https:\/\/tvtecjundiai.com.br\/news\/wp-json\/wp\/v2\/posts\/9015\/revisions"}],"predecessor-version":[{"id":9028,"href":"https:\/\/tvtecjundiai.com.br\/news\/wp-json\/wp\/v2\/posts\/9015\/revisions\/9028"}],"wp:featuredmedia":[{"embeddable":true,"href":"https:\/\/tvtecjundiai.com.br\/news\/wp-json\/wp\/v2\/media\/9024"}],"wp:attachment":[{"href":"https:\/\/tvtecjundiai.com.br\/news\/wp-json\/wp\/v2\/media?parent=9015"}],"wp:term":[{"taxonomy":"category","embeddable":true,"href":"https:\/\/tvtecjundiai.com.br\/news\/wp-json\/wp\/v2\/categories?post=9015"},{"taxonomy":"post_tag","embeddable":true,"href":"https:\/\/tvtecjundiai.com.br\/news\/wp-json\/wp\/v2\/tags?post=9015"}],"curies":[{"name":"wp","href":"https:\/\/api.w.org\/{rel}","templated":true}]}}