{"id":90258,"date":"2022-03-17T09:33:07","date_gmt":"2022-03-17T12:33:07","guid":{"rendered":"https:\/\/tvtecjundiai.com.br\/news\/?p=90258"},"modified":"2022-03-17T09:33:07","modified_gmt":"2022-03-17T12:33:07","slug":"netflix-vai-cobrar-taxa-extra-de-quem-divide-conta-com-pessoas-que-nao-moram-na-mesma-casa","status":"publish","type":"post","link":"https:\/\/tvtecjundiai.com.br\/news\/2022\/03\/17\/netflix-vai-cobrar-taxa-extra-de-quem-divide-conta-com-pessoas-que-nao-moram-na-mesma-casa\/","title":{"rendered":"Netflix vai cobrar taxa extra de quem divide conta com pessoas que n\u00e3o moram na mesma casa"},"content":{"rendered":"\n<p>Em comunicado oficial nesta quarta-feira (16), a Netflix anunciou que vai passar a cobrar uma taxa extra para quem compartilhar contas com pessoas que n\u00e3o moram na mesma casa &#8211; \u00e9 quase uma taxa de \u201cponto extra\u201d, que as operadoras de TV a cabo cobram. Na nota, a empresa de streaming afirmou que ter a mesma conta em diferentes lugares afeta a \u201chabilidade de investir em grandes novos filmes e s\u00e9ries\u201d.<\/p>\n\n\n\n<p>Para resolver o problema, ser\u00e3o adicionadas duas novas fun\u00e7\u00f5es nas configura\u00e7\u00f5es do servi\u00e7o, a \u201cAdicione um membro extra\u201d, uma taxa para a inclus\u00e3o de at\u00e9 duas pessoas que n\u00e3o moram na mesma casa, e a \u201cTransferir perfil para uma nova conta\u201d para facilitar a transfer\u00eancia de perfis entre duas contas diferentes.<\/p>\n\n\n\n<div class=\"wp-block-image\"><figure class=\"aligncenter size-large\"><img loading=\"lazy\" decoding=\"async\" width=\"1200\" height=\"676\" src=\"https:\/\/tvtecjundiai.com.br\/news\/wp-content\/uploads\/sites\/2\/2022\/03\/Design-sem-nome-48-1200x676.png\" alt=\"\" class=\"wp-image-90259\" srcset=\"https:\/\/tvtecjundiai.com.br\/news\/wp-content\/uploads\/sites\/2\/2022\/03\/Design-sem-nome-48-1200x676.png 1200w, https:\/\/tvtecjundiai.com.br\/news\/wp-content\/uploads\/sites\/2\/2022\/03\/Design-sem-nome-48-300x169.png 300w, https:\/\/tvtecjundiai.com.br\/news\/wp-content\/uploads\/sites\/2\/2022\/03\/Design-sem-nome-48-768x433.png 768w, https:\/\/tvtecjundiai.com.br\/news\/wp-content\/uploads\/sites\/2\/2022\/03\/Design-sem-nome-48.png 1280w\" sizes=\"auto, (max-width: 1200px) 100vw, 1200px\" \/><\/figure><\/div>\n\n\n\n<p>Por enquanto, essas fun\u00e7\u00f5es v\u00e3o entrar em per\u00edodo teste no Chile, no Peru e na Costa Rica. O novo modelo poder\u00e1 ser expandido tamb\u00e9m para outros pa\u00edses, mas ainda n\u00e3o h\u00e1 informa\u00e7\u00f5es sobre sua chegada ao Brasil. Segundo a empresa, para adicionar dois membros, ser\u00e1 cobrado o equivalente a metade do pre\u00e7o do plano b\u00e1sico de streaming. Por exemplo, no Brasil o plano b\u00e1sico custa R$ 26, e a a taxa ficaria R$ 13.<\/p>\n\n\n\n<p>A preocupa\u00e7\u00e3o da Netflix com sua capacidade de investimento se justifica. A gigante reduziu seu ritmo de crescimento em 2021. No ano passado, ela conquistou 18,2 milh\u00f5es de novos assinantes, uma queda de 51% sobre o resultado do ano anterior, de 37 milh\u00f5es. Entre o terceiro e quarto trimestre de 2021, o lucro l\u00edquido caiu 58%, indo de US$ 1,4 bilh\u00e3o para US$ 607 milh\u00f5es.<\/p>\n\n\n\n<p>Atualmente, a Netflix tem 221,84 milh\u00f5es de assinantes no mundo todo.<\/p>\n\n\n\n<p><strong><em>(Fonte: Estad\u00e3o\/Imagem: Canva)<\/em><\/strong><\/p>\n","protected":false},"excerpt":{"rendered":"<p>Segundo a empresa, compartilhar contas impacta o investimento em filmes e s\u00e9ries.<\/p>\n","protected":false},"author":25,"featured_media":90259,"comment_status":"closed","ping_status":"closed","sticky":false,"template":"","format":"standard","meta":{"footnotes":""},"categories":[2833,1],"tags":[],"class_list":["post-90258","post","type-post","status-publish","format-standard","has-post-thumbnail","hentry","category-cultura","category-noticias"],"_links":{"self":[{"href":"https:\/\/tvtecjundiai.com.br\/news\/wp-json\/wp\/v2\/posts\/90258","targetHints":{"allow":["GET"]}}],"collection":[{"href":"https:\/\/tvtecjundiai.com.br\/news\/wp-json\/wp\/v2\/posts"}],"about":[{"href":"https:\/\/tvtecjundiai.com.br\/news\/wp-json\/wp\/v2\/types\/post"}],"author":[{"embeddable":true,"href":"https:\/\/tvtecjundiai.com.br\/news\/wp-json\/wp\/v2\/users\/25"}],"replies":[{"embeddable":true,"href":"https:\/\/tvtecjundiai.com.br\/news\/wp-json\/wp\/v2\/comments?post=90258"}],"version-history":[{"count":1,"href":"https:\/\/tvtecjundiai.com.br\/news\/wp-json\/wp\/v2\/posts\/90258\/revisions"}],"predecessor-version":[{"id":90260,"href":"https:\/\/tvtecjundiai.com.br\/news\/wp-json\/wp\/v2\/posts\/90258\/revisions\/90260"}],"wp:featuredmedia":[{"embeddable":true,"href":"https:\/\/tvtecjundiai.com.br\/news\/wp-json\/wp\/v2\/media\/90259"}],"wp:attachment":[{"href":"https:\/\/tvtecjundiai.com.br\/news\/wp-json\/wp\/v2\/media?parent=90258"}],"wp:term":[{"taxonomy":"category","embeddable":true,"href":"https:\/\/tvtecjundiai.com.br\/news\/wp-json\/wp\/v2\/categories?post=90258"},{"taxonomy":"post_tag","embeddable":true,"href":"https:\/\/tvtecjundiai.com.br\/news\/wp-json\/wp\/v2\/tags?post=90258"}],"curies":[{"name":"wp","href":"https:\/\/api.w.org\/{rel}","templated":true}]}}