{"id":90285,"date":"2022-03-17T16:11:17","date_gmt":"2022-03-17T19:11:17","guid":{"rendered":"https:\/\/tvtecjundiai.com.br\/news\/?p=90285"},"modified":"2022-03-17T16:11:18","modified_gmt":"2022-03-17T19:11:18","slug":"rock-in-rio-e-declarado-patrimonio-cultural-imaterial-do-rio-de-janeiro","status":"publish","type":"post","link":"https:\/\/tvtecjundiai.com.br\/news\/2022\/03\/17\/rock-in-rio-e-declarado-patrimonio-cultural-imaterial-do-rio-de-janeiro\/","title":{"rendered":"Rock in Rio \u00e9 declarado patrim\u00f4nio cultural imaterial do Rio de Janeiro"},"content":{"rendered":"\n<p>O festival Rock in Rio foi declarado patrim\u00f4nio cultural imaterial pelo estado do Rio de Janeiro. A lei foi sancionada pelo governador Cl\u00e1udio Castro e publicada em edi\u00e7\u00e3o extra do Di\u00e1rio Oficial na quarta-feira (16).<\/p>\n\n\n\n<p>Desde 1985, foram realizadas vinte edi\u00e7\u00f5es, sendo oito no Rio de Janeiro, oito em Lisboa, tr\u00eas na Espanha e uma nos Estados Unidos. Ao todo, j\u00e1 foram mais de 2,3 artistas escalados nas programa\u00e7\u00f5es.<\/p>\n\n\n\n<div class=\"wp-block-image\"><figure class=\"aligncenter size-full\"><img loading=\"lazy\" decoding=\"async\" width=\"696\" height=\"465\" src=\"https:\/\/tvtecjundiai.com.br\/news\/wp-content\/uploads\/sites\/2\/2022\/03\/rock-in-rio-2019-foto-wesley-allen-divulgacao-696x465-1.jpg\" alt=\"\" class=\"wp-image-90286\" srcset=\"https:\/\/tvtecjundiai.com.br\/news\/wp-content\/uploads\/sites\/2\/2022\/03\/rock-in-rio-2019-foto-wesley-allen-divulgacao-696x465-1.jpg 696w, https:\/\/tvtecjundiai.com.br\/news\/wp-content\/uploads\/sites\/2\/2022\/03\/rock-in-rio-2019-foto-wesley-allen-divulgacao-696x465-1-300x200.jpg 300w\" sizes=\"auto, (max-width: 696px) 100vw, 696px\" \/><\/figure><\/div>\n\n\n\n<p>A edi\u00e7\u00e3o deste ano est\u00e1 marcada para os dias 2, 3, 4, 8, 9, 10 e 11 de setembro, com artistas como Iron Maiden, Sepultura, Post Malone, Justin Bieber, Demi Lovato, Guns N&#8217; Roses, M\u00e5neskin, Coldplay, Camila Cabello e Dua Lipa.<\/p>\n\n\n\n<p><strong><em>(Fonte: g1\/Imagem: Wesley Allen-Divulga\u00e7\u00e3o)<\/em><\/strong><\/p>\n","protected":false},"excerpt":{"rendered":"<p>Desde 1985, foram realizadas vinte edi\u00e7\u00f5es do festival.<\/p>\n","protected":false},"author":25,"featured_media":90286,"comment_status":"closed","ping_status":"closed","sticky":false,"template":"","format":"standard","meta":{"footnotes":""},"categories":[2833,1],"tags":[],"class_list":["post-90285","post","type-post","status-publish","format-standard","has-post-thumbnail","hentry","category-cultura","category-noticias"],"_links":{"self":[{"href":"https:\/\/tvtecjundiai.com.br\/news\/wp-json\/wp\/v2\/posts\/90285","targetHints":{"allow":["GET"]}}],"collection":[{"href":"https:\/\/tvtecjundiai.com.br\/news\/wp-json\/wp\/v2\/posts"}],"about":[{"href":"https:\/\/tvtecjundiai.com.br\/news\/wp-json\/wp\/v2\/types\/post"}],"author":[{"embeddable":true,"href":"https:\/\/tvtecjundiai.com.br\/news\/wp-json\/wp\/v2\/users\/25"}],"replies":[{"embeddable":true,"href":"https:\/\/tvtecjundiai.com.br\/news\/wp-json\/wp\/v2\/comments?post=90285"}],"version-history":[{"count":1,"href":"https:\/\/tvtecjundiai.com.br\/news\/wp-json\/wp\/v2\/posts\/90285\/revisions"}],"predecessor-version":[{"id":90287,"href":"https:\/\/tvtecjundiai.com.br\/news\/wp-json\/wp\/v2\/posts\/90285\/revisions\/90287"}],"wp:featuredmedia":[{"embeddable":true,"href":"https:\/\/tvtecjundiai.com.br\/news\/wp-json\/wp\/v2\/media\/90286"}],"wp:attachment":[{"href":"https:\/\/tvtecjundiai.com.br\/news\/wp-json\/wp\/v2\/media?parent=90285"}],"wp:term":[{"taxonomy":"category","embeddable":true,"href":"https:\/\/tvtecjundiai.com.br\/news\/wp-json\/wp\/v2\/categories?post=90285"},{"taxonomy":"post_tag","embeddable":true,"href":"https:\/\/tvtecjundiai.com.br\/news\/wp-json\/wp\/v2\/tags?post=90285"}],"curies":[{"name":"wp","href":"https:\/\/api.w.org\/{rel}","templated":true}]}}