{"id":90349,"date":"2022-03-18T15:22:41","date_gmt":"2022-03-18T18:22:41","guid":{"rendered":"https:\/\/tvtecjundiai.com.br\/news\/?p=90349"},"modified":"2022-03-18T15:23:29","modified_gmt":"2022-03-18T18:23:29","slug":"fim-de-semana-em-jundiai-tera-abertura-de-espacos-culturais-e-atracoes-para-toda-familia","status":"publish","type":"post","link":"https:\/\/tvtecjundiai.com.br\/news\/2022\/03\/18\/fim-de-semana-em-jundiai-tera-abertura-de-espacos-culturais-e-atracoes-para-toda-familia\/","title":{"rendered":"Fim de semana em Jundia\u00ed ter\u00e1 abertura de espa\u00e7os culturais e atra\u00e7\u00f5es para toda fam\u00edlia"},"content":{"rendered":"\n<p>Para este fim de semana, a Unidade de Gest\u00e3o de Cultura (UGC) preparou, al\u00e9m da abertura dos espa\u00e7os culturais, uma s\u00e9rie de atra\u00e7\u00f5es gratuitas para toda a fam\u00edlia. Confira:<\/p>\n\n\n\n<p><strong>Sexta no Museu<\/strong><br>As atra\u00e7\u00f5es come\u00e7am j\u00e1 nesta sexta-feira (18), a partir das 16h, com a&nbsp;<a href=\"https:\/\/jundiai.sp.gov.br\/noticias\/2022\/03\/15\/sexta-no-museu-desta-sexta-18-tera-apresentacoes-de-cultura-popular-mpb-e-musica-instrumental\/\" target=\"_blank\" rel=\"noreferrer noopener\">quarta edi\u00e7\u00e3o da a\u00e7\u00e3o \u201cSexta no Museu\u201d<\/a>. Com entrada gratuita, o p\u00fablico poder\u00e1 conferir, at\u00e9 as 19h, as apresenta\u00e7\u00f5es, no Museu Hist\u00f3rico e Cultural \u2013 Solar do Bar\u00e3o de artistas contemplados em editais lan\u00e7ados pela Cultura, como o CulturaMais e o Cultura Negra.<\/p>\n\n\n\n<p>A programa\u00e7\u00e3o come\u00e7a \u00e0s 16h, em frente ao Museu, com o espet\u00e1culo \u201cSambada\u201d, do grupo Coco das \u00c1guas Doces. Na sequ\u00eancia, \u00e0s 17h, j\u00e1 dentro do Museu, no palco da Sala Jahyr Accioly de Souza, o Tato Andreatta Trio apresenta para o p\u00fablico \u201cCan\u00e7\u00f5es que tocam\u201d. O encerramento da programa\u00e7\u00e3o, \u00e0s 18h, fica por conta da cantora Shelly Simon, acompanhada do seu trio ac\u00fastico, que traz a apresenta\u00e7\u00e3o \u201cThis is Shelly Simon\u201d.<\/p>\n\n\n\n<p>No s\u00e1bado e domingo, o p\u00fablico poder\u00e1 visitar parte do acervo permanente e os jardins do Museu, das 10h \u00e0s 17h. O Solar fica na rua Bar\u00e3o de Jundia\u00ed, 762, Centro.<\/p>\n\n\n\n<figure class=\"wp-block-image\"><img decoding=\"async\" src=\"https:\/\/jundiai.sp.gov.br\/noticias\/wp-content\/uploads\/sites\/32\/2022\/03\/sexta_no_museu-500.jpg\" alt=\"\" class=\"wp-image-288195\" \/><figcaption>Sexta no Museu vai das 16h \u00e0s 19h<\/figcaption><\/figure>\n\n\n\n<p><strong>Biblioteca Nelson Foot<\/strong><br>A partir deste s\u00e1bado (19), a Biblioteca P\u00fablica Municipal Professor Nelson Foot (BNF) volta a abrir aos s\u00e1bados, das 9h \u00e0s 13h, para atender tanto nos setores de pesquisa quanto no circulante, para a retirada de livros.<\/p>\n\n\n\n<p>A novidade \u00e9 que a Unidade de Gest\u00e3o de Cultura, agora comandando o equipamento, definiu que a&nbsp;<a href=\"https:\/\/jundiai.sp.gov.br\/noticias\/2022\/03\/13\/com-novos-espacos-expositivos-e-aquisicao-de-novos-titulos-biblioteca-municipal-ganha-novo-horario-de-funcionamento\/\">programa\u00e7\u00e3o dos s\u00e1bados ir\u00e1 integrar as iniciativas do programa municipal Cidade das Crian\u00e7as e outras atra\u00e7\u00f5es para pr\u00e9-adolescentes e adolescentes<\/a>, al\u00e9m dos pais ou os respons\u00e1veis que estiverem junto desse p\u00fablico. N\u00e3o ser\u00e1 necess\u00e1ria inscri\u00e7\u00e3o e \u00e9 s\u00f3 aparecer na Biblioteca.<\/p>\n\n\n\n<p>Para este s\u00e1bado (19) a programa\u00e7\u00e3o ser\u00e1 realizada a partir das 10h, com conta\u00e7\u00e3o da hist\u00f3ria \u201cAs \u00e1guas: o sumi\u00e7o das \u00c1guas Claras do rei Roy Reino\u201d, com Roseli Pizarro da Companhia Contando com Encanto, voltada para crian\u00e7as de quatro a seis anos.<\/p>\n\n\n\n<p>Na sequ\u00eancia, das 11h \u00e0s 12h, tem #SeJoga, com apresenta\u00e7\u00e3o e ensino de jogos de tabuleiro moderno de baixa complexidade, sob a orienta\u00e7\u00e3o de Bruno e Rebeca Kretzmann, integrantes da equipe do Al\u00e9m do Muro, para adolescentes de 12 a 16 anos.<\/p>\n\n\n\n<p>A Biblioteca funciona dentro do Complexo Argos, localizado \u00e0 avenida Dr. Cavalcanti, 396. Mais informa\u00e7\u00f5es podem ser obtidas pelo telefone (11) 4527-2110.<\/p>\n\n\n\n<figure class=\"wp-block-image\"><img decoding=\"async\" src=\"https:\/\/jundiai.sp.gov.br\/noticias\/wp-content\/uploads\/sites\/32\/2022\/03\/biblioteca-publica-municipal-professor-nelson-foot-116.jpg\" alt=\"\" class=\"wp-image-288196\" \/><figcaption>Com abertura aos s\u00e1bados, Biblioteca passa a receber programa\u00e7\u00e3o gratuita para os visitantes<\/figcaption><\/figure>\n\n\n\n<p><strong>F\u00e1brica das Inf\u00e2ncias Japy<\/strong><br>A F\u00e1brica das Inf\u00e2ncias Japy, sede oficial do Comit\u00ea das Crian\u00e7as de Jundia\u00ed, ter\u00e1 um&nbsp;<a href=\"https:\/\/jundiai.sp.gov.br\/noticias\/2022\/03\/17\/fabrica-das-infancias-japy-tem-a-posse-do-comite-das-criancas-e-programacao-circense-no-fim-de-semana\/\">final de semana bastante movimentado, com programa\u00e7\u00e3o cultural gratuita<\/a>.<\/p>\n\n\n\n<p>J\u00e1 neste s\u00e1bado (19), \u00e0s 9h, ser\u00e1 realizada a posse do Comit\u00ea das Crian\u00e7as 2022, com os&nbsp;<a href=\"https:\/\/jundiai.sp.gov.br\/noticias\/2022\/03\/16\/com-129-inscritos-comite-das-criancas-realiza-sorteio-para-composicao-de-novas-vagas\/\">24 novos integrantes sorteados esta semana<\/a>, meninos e meninas entre nove e 11 anos, representando as seis regi\u00f5es da cidade.<\/p>\n\n\n\n<p>\u00c0s 10h30, a Trupe Pling, grupo selecionado pelo edital CulturaMais, traz o espet\u00e1culo interativo \u201cCirco Parque\u201d, com os atores Ulisses Vertuan, Nattan Nogueira e Lucy Pavish, e n\u00fameros diversos de circo como malabarismo, acrobacias, equil\u00edbrio, dan\u00e7a e teatro, com os artistas mostrando desde a montagem da \u201cpequena grande lona\u201d at\u00e9 o \u201cgran finale\u201d.<\/p>\n\n\n\n<p>J\u00e1 no domingo (20), a partir das 10h30, tem mais palha\u00e7aria e malabarismos com o espet\u00e1culo \u201cF\u00e9cilis, um n\u00famero\u201d, com o ator Rodrigo Oliveira, artista tamb\u00e9m selecionado pelo edital CulturaMais. A proposta do espet\u00e1culo parte da pergunta: O que o malabarista e o palha\u00e7o t\u00eam em comum?<\/p>\n\n\n\n<p>A F\u00e1brica das Inf\u00e2ncias Japy na rua Lacerda Franco, 175, Vila Arens. A entrada \u00e9 gratuita.<\/p>\n\n\n\n<figure class=\"wp-block-image\"><img decoding=\"async\" src=\"https:\/\/jundiai.sp.gov.br\/noticias\/wp-content\/uploads\/sites\/32\/2022\/03\/reuniao-comite-das-criancas_fabrica-japy-67.jpg\" alt=\"\" class=\"wp-image-288198\" \/><figcaption>Os 24 novos integrantes do Comit\u00ea das Crian\u00e7as tomam posse neste s\u00e1bado (19)<\/figcaption><\/figure>\n\n\n\n<p><strong>Teatro Polytheama<\/strong><br>No palco do teatro neste final de semana acontecem as apresenta\u00e7\u00f5es do show \u201dQueen Experience In Concert\u201d, no s\u00e1bado (19), com duas sess\u00f5es:&nbsp;<a href=\"https:\/\/cultura.jundiai.sp.gov.br\/evento\/queen-experience-in-concert-2\/\" target=\"_blank\" rel=\"noreferrer noopener\">17h30<\/a>&nbsp;e&nbsp;<a href=\"https:\/\/cultura.jundiai.sp.gov.br\/evento\/queen-experience-in-concert\/\" target=\"_blank\" rel=\"noreferrer noopener\">20h<\/a>, com os maiores e melhores sucessos da banda original Queen, tais como: \u201cDon\u2019t Stop me Now\u201d, \u201cKiller Queen\u201d, \u201cUnder Pressure\u201d, dentre outros.<\/p>\n\n\n\n<p>J\u00e1 no domingo (20), \u00e0s 16h, marcando seu concerto inaugural, a&nbsp;<a rel=\"noreferrer noopener\" href=\"https:\/\/cultura.jundiai.sp.gov.br\/evento\/concerto-marvel-orquestra-filarmonica-jundiai\/\" target=\"_blank\">Orquestra Filarm\u00f4nica Jundia\u00ed far\u00e1 uma apresenta\u00e7\u00e3o com m\u00fasicas tema dos filmes da Marvel<\/a>. Um concerto para os amantes dos her\u00f3is da Marvel de todas as idades, desde as criancinhas at\u00e9 os mais idosos, f\u00e3s de Os Vingadores, Homem de Ferro, Thor, Capit\u00e3o Am\u00e9rica, Hulk e Homem Aranha, que v\u00e3o se emocionar com as m\u00fasicas temas em um estilo diferente.<\/p>\n\n\n\n<p>Os ingressos podem ser adquiridos pela Internet, na&nbsp;<a href=\"https:\/\/www.sympla.com.br\/\" target=\"_blank\" rel=\"noreferrer noopener\">plataforma Sympla<\/a>, e na bilheteria do teatro que funciona a partir das 10h.<\/p>\n\n\n\n<p>O Teatro Polytheama fica na rua Bar\u00e3o de Jundia\u00ed, 176, Centro. Mais informa\u00e7\u00f5es pelo telefone (11) 4586-2472.<\/p>\n\n\n\n<figure class=\"wp-block-image\"><img decoding=\"async\" src=\"https:\/\/jundiai.sp.gov.br\/noticias\/wp-content\/uploads\/sites\/32\/2022\/03\/espetaculo-cinderela_teatro-polytheama-90.jpg\" alt=\"\" class=\"wp-image-288200\" \/><figcaption>Fim de semana no Polytheama tem \u201dQueen Experience In Concert\u201d e \u201cConcerto Marvel\u201d<\/figcaption><\/figure>\n\n\n\n<p><strong>Pinacoteca<br><\/strong>Quem visitar a Pinacoteca Municipal Di\u00f3genes Duarte Paes poder\u00e1 conferir a&nbsp;<a href=\"https:\/\/cultura.jundiai.sp.gov.br\/mostra-coletiva-lei-aldir-blanc-2022-bens-adquiridos\/\" target=\"_blank\" rel=\"noreferrer noopener\">Mostra Coletiva com as obras adquiridas pelo Munic\u00edpio em editais da Lei Aldir Blanc<\/a>, as&nbsp;<a href=\"https:\/\/cultura.jundiai.sp.gov.br\/exposicoes\/pop-faces-comemorando-os-50-anos-do-artista-alex-roch\/\" target=\"_blank\" rel=\"noreferrer noopener\">exposi\u00e7\u00f5es Pop Faces e s\u00e9rie de pinturas abstratas em relevo do artista Alex Roch<\/a>, a s\u00e9rie&nbsp;<a href=\"https:\/\/cultura.jundiai.sp.gov.br\/exposicoes\/tudo-e-jundiai\/\" target=\"_blank\" rel=\"noreferrer noopener\">Tudo \u00e9 Jundia\u00ed com pinturas em acr\u00edlico do artista \u00c9lvio Santiago<\/a>, al\u00e9m de itens do acervo permanente da Pinacoteca como as pinturas de Inos Corradin e as aquarelas do artista Di\u00f3genes Duarte Paes.<\/p>\n\n\n\n<p>A entrada \u00e9 gratuita e a Pinacoteca fica na rua Bar\u00e3o de Jundia\u00ed, 109, Centro. O funcionamento \u00e9 de ter\u00e7a-feira a domingo, das 10h \u00e0s 17h. Mais informa\u00e7\u00f5es pelo telefone (11) 4586-2326.<\/p>\n\n\n\n<figure class=\"wp-block-image\"><img decoding=\"async\" src=\"https:\/\/jundiai.sp.gov.br\/noticias\/wp-content\/uploads\/sites\/32\/2022\/03\/pinacoteca_tudo-e-jundiai-38.jpg\" alt=\"\" class=\"wp-image-288202\" \/><figcaption>\u2018Tudo \u00e9 Jundia\u00ed\u201d traz s\u00e9rie de pinturas em acr\u00edlico do artista \u00c9lvio Santiago<\/figcaption><\/figure>\n\n\n\n<p><strong>Pracinha da Cultura<br><\/strong>Dentro da proposta de descentraliza\u00e7\u00e3o da oferta de oficinas culturais gratuitas pelos bairros da cidade, a&nbsp;<a href=\"https:\/\/jundiai.sp.gov.br\/noticias\/2022\/03\/05\/cultura-abre-170-vagas-para-nove-diferentes-oficinas-gratuitas-no-vista-alegre\/\">Cultura realiza nove oficinas na Pracinha da Cultura do Vista Alegre (antigo CEU das Artes)<\/a>, com dura\u00e7\u00e3o de quatro meses, tendo como p\u00fablico alvo desde crian\u00e7as at\u00e9 adultos.<\/p>\n\n\n\n<p>Neste s\u00e1bado (19), tem oficina de Capoeira para crian\u00e7as a partir de sete anos, no per\u00edodo da manh\u00e3, das 9h30 \u00e0s 10h30. E no per\u00edodo da tarde tem oficina de Maracatu, das 14h \u00e0s 16h.<\/p>\n\n\n\n<p>Al\u00e9m da Capoeira e Maracatu, as oficinas propostas s\u00e3o de Artesanato, Dan\u00e7a Criativa, Gin\u00e1stica Corporal, Handebol, Teatro em Ingl\u00eas e Zumba. Os&nbsp;<a href=\"https:\/\/docs.google.com\/forms\/d\/e\/1FAIpQLSeDNLgY4ixXFiGmtvwO7G3T08jzbNrfAv2tJwsH_bw59TnZpg\/viewform\" target=\"_blank\" rel=\"noreferrer noopener\">interessados podem se inscrever pela internet<\/a>&nbsp;ou consultar a disponibilidade das vagas no local (rua Cabo Edvaldo Quirino Santana 46-110), de segunda a sexta-feira, das 8h \u00e0s 17h, ou pelo telefone (11) 4521-6193.<\/p>\n\n\n\n<figure class=\"wp-block-image\"><img decoding=\"async\" src=\"https:\/\/jundiai.sp.gov.br\/noticias\/wp-content\/uploads\/sites\/32\/2022\/03\/oficina-vista-alegre-52.jpg\" alt=\"\" class=\"wp-image-288203\" \/><figcaption>Oficinas no Vista Alegre s\u00e3o realizadas ao longo da semana, inclusive nos s\u00e1bados, para faixas et\u00e1rias diversas<\/figcaption><\/figure>\n\n\n\n<p><strong><em>(Fonte\/Imagem: Prefeitura de Jundia\u00ed)<\/em><\/strong><\/p>\n","protected":false},"excerpt":{"rendered":"<p>Fim de semana no Teatro Polytheama tem \u201dQueen Experience In Concert\u201d e \u201cConcerto Marvel\u201d.<\/p>\n","protected":false},"author":27,"featured_media":90350,"comment_status":"closed","ping_status":"closed","sticky":false,"template":"","format":"standard","meta":{"footnotes":""},"categories":[2833,8356,8354],"tags":[],"class_list":["post-90349","post","type-post","status-publish","format-standard","has-post-thumbnail","hentry","category-cultura","category-jundiai","category-lazer"],"_links":{"self":[{"href":"https:\/\/tvtecjundiai.com.br\/news\/wp-json\/wp\/v2\/posts\/90349","targetHints":{"allow":["GET"]}}],"collection":[{"href":"https:\/\/tvtecjundiai.com.br\/news\/wp-json\/wp\/v2\/posts"}],"about":[{"href":"https:\/\/tvtecjundiai.com.br\/news\/wp-json\/wp\/v2\/types\/post"}],"author":[{"embeddable":true,"href":"https:\/\/tvtecjundiai.com.br\/news\/wp-json\/wp\/v2\/users\/27"}],"replies":[{"embeddable":true,"href":"https:\/\/tvtecjundiai.com.br\/news\/wp-json\/wp\/v2\/comments?post=90349"}],"version-history":[{"count":3,"href":"https:\/\/tvtecjundiai.com.br\/news\/wp-json\/wp\/v2\/posts\/90349\/revisions"}],"predecessor-version":[{"id":90354,"href":"https:\/\/tvtecjundiai.com.br\/news\/wp-json\/wp\/v2\/posts\/90349\/revisions\/90354"}],"wp:featuredmedia":[{"embeddable":true,"href":"https:\/\/tvtecjundiai.com.br\/news\/wp-json\/wp\/v2\/media\/90350"}],"wp:attachment":[{"href":"https:\/\/tvtecjundiai.com.br\/news\/wp-json\/wp\/v2\/media?parent=90349"}],"wp:term":[{"taxonomy":"category","embeddable":true,"href":"https:\/\/tvtecjundiai.com.br\/news\/wp-json\/wp\/v2\/categories?post=90349"},{"taxonomy":"post_tag","embeddable":true,"href":"https:\/\/tvtecjundiai.com.br\/news\/wp-json\/wp\/v2\/tags?post=90349"}],"curies":[{"name":"wp","href":"https:\/\/api.w.org\/{rel}","templated":true}]}}