{"id":90431,"date":"2022-03-21T15:08:24","date_gmt":"2022-03-21T18:08:24","guid":{"rendered":"https:\/\/tvtecjundiai.com.br\/news\/?p=90431"},"modified":"2022-03-21T15:08:28","modified_gmt":"2022-03-21T18:08:28","slug":"estreia-da-programacao-de-sabado-da-biblioteca-nelson-foot-teve-contacao-de-historias-e-jogos-de-tabuleiros","status":"publish","type":"post","link":"https:\/\/tvtecjundiai.com.br\/news\/2022\/03\/21\/estreia-da-programacao-de-sabado-da-biblioteca-nelson-foot-teve-contacao-de-historias-e-jogos-de-tabuleiros\/","title":{"rendered":"Estreia da programa\u00e7\u00e3o de s\u00e1bado da Biblioteca Nelson Foot teve conta\u00e7\u00e3o de hist\u00f3rias e jogos de tabuleiros"},"content":{"rendered":"\n<p>Ap\u00f3s um longo per\u00edodo sem funcionar aos s\u00e1bados, a&nbsp;<a href=\"https:\/\/biblioteca.jundiai.sp.gov.br\/\" target=\"_blank\" rel=\"noreferrer noopener\">Biblioteca Municipal Professor Nelson Foot (BNF)<\/a>&nbsp;reabriu ao p\u00fablico e com novidades para os frequentadores. O agora equipamento ligado \u00e0 Unidade de Gest\u00e3o de Cultura (UGC) teve, nesse s\u00e1bado (19), conta\u00e7\u00e3o de hist\u00f3rias para as crian\u00e7as e oficina de jogos de tabuleiros para pr\u00e9-adolescentes e adolescentes, no novo espa\u00e7o criado no local, o #SeJoga.<\/p>\n\n\n\n<p>Enquanto estudantes buscavam pelo espa\u00e7o de pesquisa e adultos se movimentavam pela se\u00e7\u00e3o circulante, a garotada mi\u00fada, de quatro a seis anos, acompanhava atentamente a performance da contadora de hist\u00f3rias Roseli Pizarro, da Companhia Contando com Encanto, que preparou para essa estreia a hist\u00f3ria \u201cO sumi\u00e7o das \u00e1guas claras do reino do rei Roy\u201d, um trabalho que, de forma l\u00fadica, conscientiza o p\u00fablico infantil sobre a import\u00e2ncia da preserva\u00e7\u00e3o da \u00e1gua e do meio ambiente.<\/p>\n\n\n\n<figure class=\"wp-block-image\"><img decoding=\"async\" src=\"https:\/\/jundiai.sp.gov.br\/noticias\/wp-content\/uploads\/sites\/32\/2022\/03\/contacao-de-historia.jpeg\" alt=\"\" class=\"wp-image-288402\" \/><figcaption>\u201cO sumi\u00e7o das \u00e1guas claras do reino do rei Roy\u201d foi a hist\u00f3ria contada na estreia da programa\u00e7\u00e3o aos s\u00e1bados<\/figcaption><\/figure>\n\n\n\n<p>J\u00e1 o p\u00fablico de 12 a 16 anos acompanhou a oficina de Jogos de Tabuleiro moderno de baixa complexidade com Rebeca Schwarz Kretzmann e Bruno Kretzmann, ambos fundadores do Al\u00e9m Muro, uma equipe que vem se especializando em difundir jogos que despertem a criatividade e racioc\u00ednio dos participantes, a competitividade sadia e que possam envolver as fam\u00edlias, mostrando as novidades que existem no mundo dos jogos de tabuleiro e o quanto eles podem ser divertidos e inteligentes.<\/p>\n\n\n\n<p><strong>Mais programa\u00e7\u00e3o aos s\u00e1bados<br><\/strong>A programa\u00e7\u00e3o aos s\u00e1bados prossegue neste s\u00e1bado (26), \u00e0s 10h, com nova conta\u00e7\u00e3o de hist\u00f3ria, desta vez com o grupo Grifo Teatro, que apresenta \u201cO Menino que Voou\u201d. A atividade \u00e9 voltada para para crian\u00e7as de 7 a 11 anos e a performance ficar\u00e1 a cargo de Matheus Ferreira de Lima.<\/p>\n\n\n\n<p>A Biblioteca fica na avenida Dr. Cavalcanti, 396, dentro do Complexo Argos. Seu hor\u00e1rio de funcionamento \u00e9 de segunda a sexta-feira, das 9h \u00e0s 21h, e aos s\u00e1bados, das 9h \u00e0s 13h. Mais informa\u00e7\u00f5es podem ser obtidas pelo telefone 4527-2110 ou pelo&nbsp;<a rel=\"noreferrer noopener\" href=\"https:\/\/biblioteca.jundiai.sp.gov.br\/\" target=\"_blank\">site da Biblioteca<\/a>.<\/p>\n\n\n\n<figure class=\"wp-block-image\"><img decoding=\"async\" src=\"https:\/\/jundiai.sp.gov.br\/noticias\/wp-content\/uploads\/sites\/32\/2022\/03\/se-joga-1.jpeg\" alt=\"\" class=\"wp-image-288403\" \/><figcaption>#SeJoga: iniciativa traz oficina de jogos de tabuleiros para pr\u00e9-adolescentes e adolescentes<\/figcaption><\/figure>\n\n\n\n<p><strong><em>(Fonte\/Imagem: Prefeitura de Jundia\u00ed)<\/em><\/strong><\/p>\n","protected":false},"excerpt":{"rendered":"<p>\u201cO sumi\u00e7o das \u00e1guas claras do reino do rei Roy\u201d foi a hist\u00f3ria contada na estreia.<\/p>\n","protected":false},"author":25,"featured_media":90432,"comment_status":"closed","ping_status":"closed","sticky":false,"template":"","format":"standard","meta":{"footnotes":""},"categories":[2833,1],"tags":[],"class_list":["post-90431","post","type-post","status-publish","format-standard","has-post-thumbnail","hentry","category-cultura","category-noticias"],"_links":{"self":[{"href":"https:\/\/tvtecjundiai.com.br\/news\/wp-json\/wp\/v2\/posts\/90431","targetHints":{"allow":["GET"]}}],"collection":[{"href":"https:\/\/tvtecjundiai.com.br\/news\/wp-json\/wp\/v2\/posts"}],"about":[{"href":"https:\/\/tvtecjundiai.com.br\/news\/wp-json\/wp\/v2\/types\/post"}],"author":[{"embeddable":true,"href":"https:\/\/tvtecjundiai.com.br\/news\/wp-json\/wp\/v2\/users\/25"}],"replies":[{"embeddable":true,"href":"https:\/\/tvtecjundiai.com.br\/news\/wp-json\/wp\/v2\/comments?post=90431"}],"version-history":[{"count":1,"href":"https:\/\/tvtecjundiai.com.br\/news\/wp-json\/wp\/v2\/posts\/90431\/revisions"}],"predecessor-version":[{"id":90433,"href":"https:\/\/tvtecjundiai.com.br\/news\/wp-json\/wp\/v2\/posts\/90431\/revisions\/90433"}],"wp:featuredmedia":[{"embeddable":true,"href":"https:\/\/tvtecjundiai.com.br\/news\/wp-json\/wp\/v2\/media\/90432"}],"wp:attachment":[{"href":"https:\/\/tvtecjundiai.com.br\/news\/wp-json\/wp\/v2\/media?parent=90431"}],"wp:term":[{"taxonomy":"category","embeddable":true,"href":"https:\/\/tvtecjundiai.com.br\/news\/wp-json\/wp\/v2\/categories?post=90431"},{"taxonomy":"post_tag","embeddable":true,"href":"https:\/\/tvtecjundiai.com.br\/news\/wp-json\/wp\/v2\/tags?post=90431"}],"curies":[{"name":"wp","href":"https:\/\/api.w.org\/{rel}","templated":true}]}}