{"id":90439,"date":"2022-03-21T16:01:55","date_gmt":"2022-03-21T19:01:55","guid":{"rendered":"https:\/\/tvtecjundiai.com.br\/news\/?p=90439"},"modified":"2022-03-21T16:02:00","modified_gmt":"2022-03-21T19:02:00","slug":"festival-de-curtas-metragens-de-jundiai-ira-reunir-obras-de-nove-estados-brasileiros","status":"publish","type":"post","link":"https:\/\/tvtecjundiai.com.br\/news\/2022\/03\/21\/festival-de-curtas-metragens-de-jundiai-ira-reunir-obras-de-nove-estados-brasileiros\/","title":{"rendered":"Festival de Curtas-Metragens de Jundia\u00ed ir\u00e1 reunir obras de nove Estados brasileiros"},"content":{"rendered":"\n<p>Ap\u00f3s dois anos sem ser realizado por conta da pandemia, &nbsp;o&nbsp;<a rel=\"noreferrer noopener\" href=\"https:\/\/cultura.jundiai.sp.gov.br\/festivaldecurtas\/\" target=\"_blank\">3\u00ba Festival de Curtas-Metragens de Jundia\u00ed<\/a>, uma a\u00e7\u00e3o da Unidade de Gest\u00e3o de Cultura (UGC), voltado a produtores audiovisuais amadores e profissionais de todo o Pa\u00eds, recebeu a inscri\u00e7\u00e3o de 129 obras. Os trabalhos s\u00e3o oriundos de inscritos de 40 cidades brasileiras, de nove Estados: Amazonas, Alagoas, Bahia, Mato Grosso do Sul, Minas Gerais, Paran\u00e1, Rio de Janeiro, Rio Grande do Sul e S\u00e3o Paulo).<\/p>\n\n\n\n<p>O festival ser\u00e1 realizado entre os dias 13 a 15 de maio e ser\u00e1 composto por Mostras Oficial e Paralela, al\u00e9m de oficinas, workshops e palestras tem\u00e1ticas. Na Mostra Paralela, os trabalhos ser\u00e3o exibidos nos canais da Cultura no&nbsp;<a href=\"https:\/\/www.facebook.com\/culturajundiai\" target=\"_blank\" rel=\"noreferrer noopener\">Facebook<\/a>&nbsp;e&nbsp;<a href=\"https:\/\/www.youtube.com\/c\/CulturaJundia%C3%AD\/featured\" target=\"_blank\" rel=\"noreferrer noopener\">YouTube<\/a>.<\/p>\n\n\n\n<p>Pela Mostra Oficial, ser\u00e3o credenciados e premiados 24 trabalhos, nas categorias Document\u00e1rio, Experimental e Fic\u00e7\u00e3o, para a exibi\u00e7\u00e3o em diversos espa\u00e7os da cidade, como o Complexo Fepasa, sede da UGC.<\/p>\n\n\n\n<p>Al\u00e9m das premia\u00e7\u00f5es em dinheiro para as propostas com maiores notas, a terceira edi\u00e7\u00e3o do Festival de Curtas-Metragens conta tamb\u00e9m com a premia\u00e7\u00e3o especial \u2018Curta Jundia\u00ed\u2019, no valor de R$ 4 mil, exclusiva para proponentes residentes e domiciliados no Munic\u00edpio.<\/p>\n\n\n\n<figure class=\"wp-block-image is-resized\"><img loading=\"lazy\" decoding=\"async\" src=\"https:\/\/jundiai.sp.gov.br\/noticias\/wp-content\/uploads\/sites\/32\/2022\/03\/festival-de-curtas_complexo-fepasa-95.jpg\" alt=\"\" class=\"wp-image-288071\" width=\"840\" height=\"560\" \/><figcaption>O festival ser\u00e1 realizado entre os dias 13 a 15 de maio e ser\u00e1 composto por Mostras Oficial e Paralela, oficinas, workshops e palestras tem\u00e1ticas<\/figcaption><\/figure>\n\n\n\n<p><strong>Mais festivais<br><\/strong><a href=\"https:\/\/cultura.jundiai.sp.gov.br\/festeju\/\" target=\"_blank\" rel=\"noreferrer noopener\">A UGC recebe at\u00e9 o dia 09 de abril as inscri\u00e7\u00f5es para a realiza\u00e7\u00e3o do 6\u00ba Festival de Teatro de Jundia\u00ed (FESTEJU)<\/a>. Podem se inscrever integrantes e espet\u00e1culos teatrais para a sele\u00e7\u00e3o e premia\u00e7\u00e3o, tanto pela Cena Amadora quanto pela Cena Profissional.<\/p>\n\n\n\n<p>O FESTEJU ser\u00e1 realizado entre os dias 06 a 26 de junho de 2022 no Teatro Polytheama, Complexo Fepasa, al\u00e9m de outros equipamentos culturais municipais.<\/p>\n\n\n\n<p>Ainda\u00a0<a rel=\"noreferrer noopener\" href=\"https:\/\/cultura.jundiai.sp.gov.br\/enredanca\/\" target=\"_blank\">em abril, entre os dias 08 e 24, a Cultura realiza tamb\u00e9m o 24\u00ba Enredan\u00e7a<\/a>, que volta este ano \u00e0 sua programa\u00e7\u00e3o presencial. Para esta edi\u00e7\u00e3o, foram inscritos 278 coreografias e 670 bailarinos, de 69 grupos, escolas ou artistas solos, de 20 diferentes cidades paulistas.<\/p>\n\n\n\n<p><strong><em>(Fonte\/Imagem: Prefeitura de Jundia\u00ed)<\/em><\/strong><\/p>\n","protected":false},"excerpt":{"rendered":"<p>O festival ser\u00e1 realizado entre os dias 13 a 15 de maio e ser\u00e1 composto por Mostras Oficial e Paralela.<\/p>\n","protected":false},"author":25,"featured_media":90440,"comment_status":"closed","ping_status":"closed","sticky":false,"template":"","format":"standard","meta":{"footnotes":""},"categories":[2833,1],"tags":[],"class_list":["post-90439","post","type-post","status-publish","format-standard","has-post-thumbnail","hentry","category-cultura","category-noticias"],"_links":{"self":[{"href":"https:\/\/tvtecjundiai.com.br\/news\/wp-json\/wp\/v2\/posts\/90439","targetHints":{"allow":["GET"]}}],"collection":[{"href":"https:\/\/tvtecjundiai.com.br\/news\/wp-json\/wp\/v2\/posts"}],"about":[{"href":"https:\/\/tvtecjundiai.com.br\/news\/wp-json\/wp\/v2\/types\/post"}],"author":[{"embeddable":true,"href":"https:\/\/tvtecjundiai.com.br\/news\/wp-json\/wp\/v2\/users\/25"}],"replies":[{"embeddable":true,"href":"https:\/\/tvtecjundiai.com.br\/news\/wp-json\/wp\/v2\/comments?post=90439"}],"version-history":[{"count":1,"href":"https:\/\/tvtecjundiai.com.br\/news\/wp-json\/wp\/v2\/posts\/90439\/revisions"}],"predecessor-version":[{"id":90442,"href":"https:\/\/tvtecjundiai.com.br\/news\/wp-json\/wp\/v2\/posts\/90439\/revisions\/90442"}],"wp:featuredmedia":[{"embeddable":true,"href":"https:\/\/tvtecjundiai.com.br\/news\/wp-json\/wp\/v2\/media\/90440"}],"wp:attachment":[{"href":"https:\/\/tvtecjundiai.com.br\/news\/wp-json\/wp\/v2\/media?parent=90439"}],"wp:term":[{"taxonomy":"category","embeddable":true,"href":"https:\/\/tvtecjundiai.com.br\/news\/wp-json\/wp\/v2\/categories?post=90439"},{"taxonomy":"post_tag","embeddable":true,"href":"https:\/\/tvtecjundiai.com.br\/news\/wp-json\/wp\/v2\/tags?post=90439"}],"curies":[{"name":"wp","href":"https:\/\/api.w.org\/{rel}","templated":true}]}}