{"id":90441,"date":"2022-03-21T16:09:38","date_gmt":"2022-03-21T19:09:38","guid":{"rendered":"https:\/\/tvtecjundiai.com.br\/news\/?p=90441"},"modified":"2022-03-21T16:09:45","modified_gmt":"2022-03-21T19:09:45","slug":"dia-do-teatro-e-do-circo-sera-comemorado-neste-domingo-27-com-o-cultura-nos-bairros","status":"publish","type":"post","link":"https:\/\/tvtecjundiai.com.br\/news\/2022\/03\/21\/dia-do-teatro-e-do-circo-sera-comemorado-neste-domingo-27-com-o-cultura-nos-bairros\/","title":{"rendered":"Dia do Teatro e do Circo ser\u00e1 comemorado neste domingo (27) com o \u2018Cultura nos Bairros\u2019"},"content":{"rendered":"\n<p>A segunda edi\u00e7\u00e3o do \u201cCultura nos Bairros\u201d chega neste domingo (27) ao complexo esportivo Francisco \u00c1lvaro Siqueira Neto, no Jardim Martins, no mesmo dia em que se comemora o Dia do Teatro e do Circo, oportunidade em que o p\u00fablico poder\u00e1 acompanhar, das 10h \u00e0s 15h, a cinco performances de grupos de teatro e circo de Jundia\u00ed, selecionados pelos editais CulturaMais e Cultura Negra, lan\u00e7ados pela Unidade de Gest\u00e3o de Cultura (UGC).<\/p>\n\n\n\n<figure class=\"wp-block-image\"><img decoding=\"async\" src=\"https:\/\/jundiai.sp.gov.br\/noticias\/wp-content\/uploads\/sites\/32\/2022\/03\/cultura-nos-bairros_benedito-de-lima-73.jpg\" alt=\"\" class=\"wp-image-288433\" \/><figcaption>Programa\u00e7\u00e3o gratuita, das 10h \u00e0s 15h, traz artistas contemplados por editais lan\u00e7ados pela Cultura<\/figcaption><\/figure>\n\n\n\n<p>A iniciativa \u00e9 o resultado de parceria das Unidades de Gest\u00e3o de Cultura (UGC), Esporte e Lazer (UGEL) e Agroneg\u00f3cio, Abastecimento e Turismo (UGAAT). Al\u00e9m das atra\u00e7\u00f5es culturais programadas, as del\u00edcias gastron\u00f4micas ficar\u00e3o por conta dos permission\u00e1rios do Varej\u00e3o Noturno e o artesanato com os artistas do programa \u201cJundia\u00ed feito \u00e0 m\u00e3o\u201d.<\/p>\n\n\n\n<p>A iniciativa mensal tem como objetivo levar programa\u00e7\u00e3o cultural a diversas regi\u00f5es da cidade, facilitando, assim, o acesso da popula\u00e7\u00e3o e ao mesmo tempo aproximando os artistas jundiaienses do p\u00fablico. Al\u00e9m de complexos esportivos, o Cultura nos Bairros poder\u00e1 tamb\u00e9m ser realizado em pra\u00e7as e parques.<\/p>\n\n\n\n<figure class=\"wp-block-image size-large\"><img loading=\"lazy\" decoding=\"async\" width=\"1200\" height=\"800\" src=\"https:\/\/tvtecjundiai.com.br\/news\/wp-content\/uploads\/sites\/2\/2022\/03\/foto-um-quarto-de-historia-1200x800.jpg\" alt=\"\" class=\"wp-image-90443\" srcset=\"https:\/\/tvtecjundiai.com.br\/news\/wp-content\/uploads\/sites\/2\/2022\/03\/foto-um-quarto-de-historia-1200x800.jpg 1200w, https:\/\/tvtecjundiai.com.br\/news\/wp-content\/uploads\/sites\/2\/2022\/03\/foto-um-quarto-de-historia-300x200.jpg 300w, https:\/\/tvtecjundiai.com.br\/news\/wp-content\/uploads\/sites\/2\/2022\/03\/foto-um-quarto-de-historia-768x512.jpg 768w, https:\/\/tvtecjundiai.com.br\/news\/wp-content\/uploads\/sites\/2\/2022\/03\/foto-um-quarto-de-historia.jpg 1280w\" sizes=\"auto, (max-width: 1200px) 100vw, 1200px\" \/><\/figure>\n\n\n\n<p>10h \u2013 \u201cUm Quarto de Hist\u00f3ria: de onde v\u00eam as hist\u00f3rias?\u201d (Cia. Giro no Biombo)<\/p>\n\n\n\n<p>11h \u2013 \u201cAten\u00e7\u00e3o, Respeit\u00e1vel P\u00fablico\u201c (Dami\u00e3o e Cia.)<\/p>\n\n\n\n<p>12h \u2013 Mini Mostra de Afros Lambe-Lambe<\/p>\n\n\n\n<p>13h15 \u2013 \u201cQual \u00e9 a gra\u00e7a, palha\u00e7o!\u201d (N\u00f3smesmos)<\/p>\n\n\n\n<p>14h30 \u2013 \u201cClowsci\u00eancia\u201d (Cia. T\u00e3o Distante de Artes)<\/p>\n\n\n\n<p>A programa\u00e7\u00e3o come\u00e7a logo \u00e0s 10h, com o espet\u00e1culo teatral \u201cUm Quarto de Hist\u00f3ria: de onde v\u00eam as hist\u00f3rias?\u201d, com a Cia. Giro no Biombo. Na sequ\u00eancia, \u00e0s 11h, \u00e9 a vez da apresenta\u00e7\u00e3o circense do grupo Dami\u00e3o e Cia. \u201cAten\u00e7\u00e3o, Respeit\u00e1vel P\u00fablico\u201d.<\/p>\n\n\n\n<p>Ao meio dia, artistas independentes apresentam-se em uma mini mostra de Afros Lambe-Lambe.<\/p>\n\n\n\n<p>A programa\u00e7\u00e3o da tarde traz, \u00e0s 13h15, o espet\u00e1culo circense \u201cQual \u00e9 a gra\u00e7a, palha\u00e7o!\u201d, com a companhia N\u00f3s mesmos. E o fechamento da programa\u00e7\u00e3o, a partir das 14h30, fica por conta da apresenta\u00e7\u00e3o teatral \u201cClowsci\u00eancia\u201d, da Cia. T\u00e3o Distante de Artes.<\/p>\n\n\n\n<p>Mais detalhes sobre os&nbsp;<a href=\"https:\/\/cultura.jundiai.sp.gov.br\/evento\/cultura-nos-bairros-jardim-martins\/\" target=\"_blank\" rel=\"noreferrer noopener\">espet\u00e1culos da programa\u00e7\u00e3o na Agenda Cultural<\/a>.<\/p>\n\n\n\n<figure class=\"wp-block-image\"><img decoding=\"async\" src=\"https:\/\/jundiai.sp.gov.br\/noticias\/wp-content\/uploads\/sites\/32\/2022\/03\/cultura-nos-bairros_benedito-de-lima-4.jpg\" alt=\"\" class=\"wp-image-288424\" \/><figcaption>As del\u00edcias gastron\u00f4micas ficar\u00e3o por conta dos permission\u00e1rios do Varej\u00e3o Noturno e o artesanato com os artistas do \u201cJundia\u00ed feito \u00e0 m\u00e3o\u201d<\/figcaption><\/figure>\n\n\n\n<p><\/p>\n","protected":false},"excerpt":{"rendered":"<p>A segunda edi\u00e7\u00e3o do \u201cCultura nos Bairros\u201d chega neste domingo (27) no Jardim Martins.<\/p>\n","protected":false},"author":27,"featured_media":90444,"comment_status":"closed","ping_status":"closed","sticky":false,"template":"","format":"standard","meta":{"footnotes":""},"categories":[2833,8356,8354],"tags":[],"class_list":["post-90441","post","type-post","status-publish","format-standard","has-post-thumbnail","hentry","category-cultura","category-jundiai","category-lazer"],"_links":{"self":[{"href":"https:\/\/tvtecjundiai.com.br\/news\/wp-json\/wp\/v2\/posts\/90441","targetHints":{"allow":["GET"]}}],"collection":[{"href":"https:\/\/tvtecjundiai.com.br\/news\/wp-json\/wp\/v2\/posts"}],"about":[{"href":"https:\/\/tvtecjundiai.com.br\/news\/wp-json\/wp\/v2\/types\/post"}],"author":[{"embeddable":true,"href":"https:\/\/tvtecjundiai.com.br\/news\/wp-json\/wp\/v2\/users\/27"}],"replies":[{"embeddable":true,"href":"https:\/\/tvtecjundiai.com.br\/news\/wp-json\/wp\/v2\/comments?post=90441"}],"version-history":[{"count":1,"href":"https:\/\/tvtecjundiai.com.br\/news\/wp-json\/wp\/v2\/posts\/90441\/revisions"}],"predecessor-version":[{"id":90445,"href":"https:\/\/tvtecjundiai.com.br\/news\/wp-json\/wp\/v2\/posts\/90441\/revisions\/90445"}],"wp:featuredmedia":[{"embeddable":true,"href":"https:\/\/tvtecjundiai.com.br\/news\/wp-json\/wp\/v2\/media\/90444"}],"wp:attachment":[{"href":"https:\/\/tvtecjundiai.com.br\/news\/wp-json\/wp\/v2\/media?parent=90441"}],"wp:term":[{"taxonomy":"category","embeddable":true,"href":"https:\/\/tvtecjundiai.com.br\/news\/wp-json\/wp\/v2\/categories?post=90441"},{"taxonomy":"post_tag","embeddable":true,"href":"https:\/\/tvtecjundiai.com.br\/news\/wp-json\/wp\/v2\/tags?post=90441"}],"curies":[{"name":"wp","href":"https:\/\/api.w.org\/{rel}","templated":true}]}}