{"id":90460,"date":"2022-03-22T09:35:18","date_gmt":"2022-03-22T12:35:18","guid":{"rendered":"https:\/\/tvtecjundiai.com.br\/news\/?p=90460"},"modified":"2022-03-22T09:35:19","modified_gmt":"2022-03-22T12:35:19","slug":"claudia-raia-e-jarbas-homem-de-mello-se-apresentam-no-teatro-polytheama","status":"publish","type":"post","link":"https:\/\/tvtecjundiai.com.br\/news\/2022\/03\/22\/claudia-raia-e-jarbas-homem-de-mello-se-apresentam-no-teatro-polytheama\/","title":{"rendered":"Claudia Raia e Jarbas Homem de Mello se apresentam no Teatro Polytheama"},"content":{"rendered":"\n<p>O espet\u00e1culo \u201cCon<em>S<\/em>erto para Dois, o Musical\u201d, estrelado por Claudia Raia e Jarbas Homem de Mello e que ser\u00e1 apresentado entre os dias 25 e 27 de mar\u00e7o no Teatro Polytheama, em Jundia\u00ed, conta a hist\u00f3ria de amor, encontros e desencontros entre o famoso escritor \u00c2ngelo Rinaldi (Jarbas) e a atriz internacional Luna de Palma (Claudia). Separados, os dois embarcam em um cruzeiro para esquecerem a desilus\u00e3o amorosa. Eles s\u00f3 n\u00e3o contavam embarcar no mesmo navio &#8211; Sinfonia dos Mares &#8211; rumo \u00e0 Ant\u00e1rtida. \u00c9 nesse cen\u00e1rio que se desenrola toda hist\u00f3ria, criada por Anna Toledo a convite de Claudia e Jarbas.<\/p>\n\n\n\n<p>As sess\u00f5es ser\u00e3o realizadas \u00e0s 20h na sexta-feira e do s\u00e1bado e, \u00e0s 19h no domingo. Os pre\u00e7os dos ingressos variam de R$ 40,00 (meia entrada) a R$ 150,00 (inteira) e j\u00e1 podem ser adquiridos antecipadamente no link\u00a0<a rel=\"noreferrer noopener\" href=\"https:\/\/bileto.sympla.com.br\/event\/71649\/d\/127505\" target=\"_blank\">https:\/\/bileto.sympla.com.br\/event\/71649\/d\/127505<\/a>. A classifica\u00e7\u00e3o et\u00e1ria \u00e9 de 10 anos. O Teatro Polytheama fica na Rua Bar\u00e3o de Jundia\u00ed, 176, Centro, em Jundia\u00ed. Informa\u00e7\u00f5es pelo telefone (19) 3461-3045 ou no site\u00a0<a rel=\"noreferrer noopener\" href=\"http:\/\/www.teatrogt.com.br\/\" target=\"_blank\">www.teatrogt.com.br<\/a>.<\/p>\n\n\n\n<div class=\"wp-block-image\"><figure class=\"aligncenter size-large is-resized\"><img loading=\"lazy\" decoding=\"async\" src=\"https:\/\/tvtecjundiai.com.br\/news\/wp-content\/uploads\/sites\/2\/2022\/03\/Foto-\u00a9-Beto-Oliveira-95-1200x800.jpg\" alt=\"\" class=\"wp-image-90461\" width=\"748\" height=\"499\" srcset=\"https:\/\/tvtecjundiai.com.br\/news\/wp-content\/uploads\/sites\/2\/2022\/03\/Foto-\u00a9-Beto-Oliveira-95-1200x800.jpg 1200w, https:\/\/tvtecjundiai.com.br\/news\/wp-content\/uploads\/sites\/2\/2022\/03\/Foto-\u00a9-Beto-Oliveira-95-300x200.jpg 300w, https:\/\/tvtecjundiai.com.br\/news\/wp-content\/uploads\/sites\/2\/2022\/03\/Foto-\u00a9-Beto-Oliveira-95-768x512.jpg 768w, https:\/\/tvtecjundiai.com.br\/news\/wp-content\/uploads\/sites\/2\/2022\/03\/Foto-\u00a9-Beto-Oliveira-95.jpg 1280w\" sizes=\"auto, (max-width: 748px) 100vw, 748px\" \/><\/figure><\/div>\n\n\n\n<p><strong>Sobre a pe\u00e7a<\/strong><\/p>\n\n\n\n<p>\u201cEu cresci assistindo \u00e0 Claudia Raia fazendo \u2018TV Pirata\u2019. Eu queria explorar aquele humor absurdo. Claudia e Jarbas s\u00e3o minhas grandes refer\u00eancias no teatro musical. Acho que assisti a tudo que eles fizeram no teatro nos \u00faltimos 20 anos. Os dois t\u00eam um s\u00f3lido arcabou\u00e7o de recursos c\u00eanicos, corporais, vocais. Sabendo para quem eu escreveria, muito dos personagens e situa\u00e7\u00f5es j\u00e1 se desenharam\u201d, explica a roteirista Anna Toledo. Para criar as m\u00fasicas para o espet\u00e1culo, que tamb\u00e9m ajudam a contar a hist\u00f3ria da trama, Anna trabalhou lado a lado com Thiago Gimenes e Tonny Lucchesi, que assina a dire\u00e7\u00e3o musical.<\/p>\n\n\n\n<p>\u201cOs temas foram pensados para dar todo um clima de com\u00e9dia. Como s\u00e3o muitos personagens, cada um tem uma caracter\u00edstica musical bem marcante, que pretende dialogar muito com o p\u00fablico. Temos o luxo de ter K\u00e1tia Barros coreografando. \u00c9 muito legal ver a conversa entre a m\u00fasica e o movimento que desenvolvemos. Al\u00e9m disso, Claudia e Jarbas s\u00e3o muito criativos e trazem humor para as can\u00e7\u00f5es\u201d, pontua Tony.<\/p>\n\n\n\n<div class=\"wp-block-image\"><figure class=\"aligncenter size-large is-resized\"><img loading=\"lazy\" decoding=\"async\" src=\"https:\/\/tvtecjundiai.com.br\/news\/wp-content\/uploads\/sites\/2\/2022\/03\/Foto-\u00a9-Beto-Oliveira-156-1200x800.jpg\" alt=\"\" class=\"wp-image-90462\" width=\"744\" height=\"496\" srcset=\"https:\/\/tvtecjundiai.com.br\/news\/wp-content\/uploads\/sites\/2\/2022\/03\/Foto-\u00a9-Beto-Oliveira-156-1200x800.jpg 1200w, https:\/\/tvtecjundiai.com.br\/news\/wp-content\/uploads\/sites\/2\/2022\/03\/Foto-\u00a9-Beto-Oliveira-156-300x200.jpg 300w, https:\/\/tvtecjundiai.com.br\/news\/wp-content\/uploads\/sites\/2\/2022\/03\/Foto-\u00a9-Beto-Oliveira-156-768x512.jpg 768w, https:\/\/tvtecjundiai.com.br\/news\/wp-content\/uploads\/sites\/2\/2022\/03\/Foto-\u00a9-Beto-Oliveira-156.jpg 1280w\" sizes=\"auto, (max-width: 744px) 100vw, 744px\" \/><\/figure><\/div>\n\n\n\n<p><strong>Turn\u00ea<\/strong><\/p>\n\n\n\n<p>\u201c\u2018Con<em>S<\/em>erto para Dois, o Musical\u2019 \u00e9 um espet\u00e1culo que foi pensado para turn\u00ea. O cen\u00e1rio foi desenvolvido para que possa ser transportado e montado com facilidade em v\u00e1rios palcos. Por causa da pandemia, tivemos que adiar a turn\u00ea por dois anos. Mas, finalmente, vamos rodar o pa\u00eds com ele\u201d, explica Claudia Raia, que estrela e produz o espet\u00e1culo.<\/p>\n\n\n\n<p>\u201cA ideia era uma coisa pequena, com dois atores em cena se revezando entre os personagens para contar a hist\u00f3ria. Nem preciso dizer que da ideia original s\u00f3 ficou a de que seriam dois atores em cena e muitos personagens (risos). A coisa foi crescendo, crescendo\u2026 Agora, s\u00e3o dois caminh\u00f5es enormes para transportar tudo (risos)\u201d, brinca Jarbas, que estrela e dirige o espet\u00e1culo. Pela primeira vez, ele dirige Claudia em cena.<\/p>\n\n\n\n<p>\u201cEla \u00e9 uma atriz que gosta de ser dirigida, que gosta da troca que essa din\u00e2mica entre ator e diretor prop\u00f5e. Ent\u00e3o, o trabalho sempre fluiu de uma maneira muito boa. Acho que isso se traduz no palco, no encantamento que o p\u00fablico sente ao assistir ao espet\u00e1culo. O teatro j\u00e1 \u00e9 m\u00e1gico por si s\u00f3. E acho que nosso musical traz uma magia ainda maior porque o p\u00fablico, mesmo, n\u00e3o entende como s\u00f3 n\u00f3s dois podemos interpretar todos os personagens da hist\u00f3ria. Isso, ali\u00e1s, rende hist\u00f3rias hil\u00e1rias\u201d.<\/p>\n\n\n\n<p><strong>Cen\u00e1rio<\/strong><\/p>\n\n\n\n<p>O cen\u00e1rio, criado por Nat\u00e1lia Lana, \u00e9 praticamente um personagem da hist\u00f3ria. Ele vai se desdobrando para virar palco para todos os momentos do enredo. Os figurinos s\u00e3o fundamentais porque ajudam a dar o tom da diferen\u00e7a entre as personas, que t\u00eam partituras corporais, timbres e trejeitos diferentes. O figurinista Bruno Oliveira ainda tinha um desafio muito importante: criar roupas que pudessem ser tiradas e colocadas entre 5 e 10 segundos. Esse \u00e9 mais ou menos o tempo que Claudia e Jarbas t\u00eam para sair de um personagem e entrar em outro.<\/p>\n\n\n\n<p>\u201cTrabalhamos muito com a K\u00e1tia Barros, nossa codiretora e core\u00f3grafa, para criar os trejeitos e as partituras corporais de cada personagem. O figurino embala tudo isso. J\u00e1 a prepara\u00e7\u00e3o vocal ficou por conta do maestro Marconi Ara\u00fajo, que \u00e9 tamb\u00e9m quem assina a dire\u00e7\u00e3o musical e vocal do disco do espet\u00e1culo, que lan\u00e7amos com 10 faixas\u201d, aponta Jarbas.<\/p>\n\n\n\n<p><strong>\u2018Con<em>S<\/em>erto<\/strong>&nbsp;<strong>para Dois, O Musical\u2019<\/strong><\/p>\n\n\n\n<p>G\u00eanero: musical<\/p>\n\n\n\n<p>Data: 25, 26 e 27 de mar\u00e7o<\/p>\n\n\n\n<p>Hor\u00e1rio: sexta e s\u00e1bado, \u00e0s 20h; domingo, \u00e0s 19h<\/p>\n\n\n\n<p>Local: Teatro Polytheama fica na Rua Bar\u00e3o de Jundia\u00ed, 176, Centro, em Jundia\u00ed.<\/p>\n\n\n\n<p>Ingressos: &nbsp;Entre R$ 40,00 (meia entrada) a R$ 150,00 (inteira)<\/p>\n\n\n\n<p>Vendas: no link&nbsp;<a href=\"https:\/\/bileto.sympla.com.br\/event\/71649\/d\/127505\" target=\"_blank\" rel=\"noreferrer noopener\">https:\/\/bileto.sympla.com.br\/event\/71649\/d\/127505<\/a><\/p>\n\n\n\n<p>Informa\u00e7\u00f5es: (19) 3461-3045 \u2013&nbsp;<a href=\"http:\/\/www.teatrogt.com.br\/\" target=\"_blank\" rel=\"noreferrer noopener\">www.teatrogt.com.br<\/a><\/p>\n\n\n\n<p>Classifica\u00e7\u00e3o et\u00e1ria: 10 anos<\/p>\n\n\n\n<p><em><strong>(Fonte: Ateli\u00ea da Not\u00edcia\/Imagem: Beto Oliveira)<\/strong><\/em><\/p>\n","protected":false},"excerpt":{"rendered":"<p>Musical &#8220;ConSerto Para Dois&#8221;, uma hist\u00f3ria de amor, ser\u00e1 apresentado de 25 a 27 de mar\u00e7o<\/p>\n","protected":false},"author":30,"featured_media":90461,"comment_status":"closed","ping_status":"closed","sticky":false,"template":"","format":"standard","meta":{"footnotes":""},"categories":[2833,8356,8354,1],"tags":[],"class_list":["post-90460","post","type-post","status-publish","format-standard","has-post-thumbnail","hentry","category-cultura","category-jundiai","category-lazer","category-noticias"],"_links":{"self":[{"href":"https:\/\/tvtecjundiai.com.br\/news\/wp-json\/wp\/v2\/posts\/90460","targetHints":{"allow":["GET"]}}],"collection":[{"href":"https:\/\/tvtecjundiai.com.br\/news\/wp-json\/wp\/v2\/posts"}],"about":[{"href":"https:\/\/tvtecjundiai.com.br\/news\/wp-json\/wp\/v2\/types\/post"}],"author":[{"embeddable":true,"href":"https:\/\/tvtecjundiai.com.br\/news\/wp-json\/wp\/v2\/users\/30"}],"replies":[{"embeddable":true,"href":"https:\/\/tvtecjundiai.com.br\/news\/wp-json\/wp\/v2\/comments?post=90460"}],"version-history":[{"count":1,"href":"https:\/\/tvtecjundiai.com.br\/news\/wp-json\/wp\/v2\/posts\/90460\/revisions"}],"predecessor-version":[{"id":90463,"href":"https:\/\/tvtecjundiai.com.br\/news\/wp-json\/wp\/v2\/posts\/90460\/revisions\/90463"}],"wp:featuredmedia":[{"embeddable":true,"href":"https:\/\/tvtecjundiai.com.br\/news\/wp-json\/wp\/v2\/media\/90461"}],"wp:attachment":[{"href":"https:\/\/tvtecjundiai.com.br\/news\/wp-json\/wp\/v2\/media?parent=90460"}],"wp:term":[{"taxonomy":"category","embeddable":true,"href":"https:\/\/tvtecjundiai.com.br\/news\/wp-json\/wp\/v2\/categories?post=90460"},{"taxonomy":"post_tag","embeddable":true,"href":"https:\/\/tvtecjundiai.com.br\/news\/wp-json\/wp\/v2\/tags?post=90460"}],"curies":[{"name":"wp","href":"https:\/\/api.w.org\/{rel}","templated":true}]}}