{"id":90470,"date":"2022-03-22T10:09:17","date_gmt":"2022-03-22T13:09:17","guid":{"rendered":"https:\/\/tvtecjundiai.com.br\/news\/?p=90470"},"modified":"2022-03-22T10:09:21","modified_gmt":"2022-03-22T13:09:21","slug":"complexo-fepasa-recebe-neste-domingo-27-versao-do-classico-romeu-e-julieta-inspirada-nas-ruas","status":"publish","type":"post","link":"https:\/\/tvtecjundiai.com.br\/news\/2022\/03\/22\/complexo-fepasa-recebe-neste-domingo-27-versao-do-classico-romeu-e-julieta-inspirada-nas-ruas\/","title":{"rendered":"Complexo Fepasa recebe neste domingo (27) vers\u00e3o do cl\u00e1ssico \u2018Romeu e Julieta\u2019 inspirada nas ruas"},"content":{"rendered":"\n<p>O palco da Sala Jundia\u00ed, no Complexo Fepasa, sede da Unidade de Gest\u00e3o de Cultura (UGC), recebe neste domingo (27), \u00e0s 16h, a vers\u00e3o da Cia. Talagad\u00e1 \u2013 Teatro de Formas Animadas do cl\u00e1ssico de William Shakespeare \u201cRomeu e Julieta. Com entrada gratuita, o espet\u00e1culo vem a Jundia\u00ed, contemplado pelo Programa de A\u00e7\u00e3o Cultural (ProAC), da Secretaria de Cultura e Economia Criativa do Estado de S\u00e3o Paulo.<\/p>\n\n\n\n<p>Em meio ao lixo, tralhas e tudo mais que \u00e9 descartado pela sociedade, cinco pessoas em situa\u00e7\u00e3o de rua tentam subverter essa situa\u00e7\u00e3o por meio do universo l\u00fadico, no qual, suas figuras interpretam a si mesmas, utilizando-se de objetos, instala\u00e7\u00f5es, \u201cassemblages\u201d, m\u00fasica e performance para recontar, a seu modo, o cl\u00e1ssico shakespeariano, cujo fim tr\u00e1gico \u00e9 de conhecimento de todos, por\u00e9m, as met\u00e1foras dos fatos que antecedem seu desfecho podem ser uma grande surpresa.<\/p>\n\n\n\n<figure class=\"wp-block-image is-resized\"><img loading=\"lazy\" decoding=\"async\" src=\"https:\/\/jundiai.sp.gov.br\/noticias\/wp-content\/uploads\/sites\/32\/2022\/03\/rej-lencois.jpg\" alt=\"\" class=\"wp-image-288445\" width=\"840\" height=\"560\" \/><figcaption>Inspirada no cl\u00e1ssico shakespeariano, pe\u00e7a conta a hist\u00f3ria de cinco pessoas em situa\u00e7\u00e3o de rua tentando subverter com ludicidade essa situa\u00e7\u00e3o (Foto: Thiago Cardinali)<\/figcaption><\/figure>\n\n\n\n<p>Segundo Jo\u00e3o Francisco Bozzi, da Cia. Talagad\u00e1, o espet\u00e1culo \u00e9 um pretexto para se falar de temas t\u00e3o pertinentes ao momento em que vivemos, como viol\u00eancia, intoler\u00e2ncia, preconceito e discrimina\u00e7\u00e3o em diferentes n\u00edveis e situa\u00e7\u00f5es, para os quais a arte se faz t\u00e3o necess\u00e1ria, seja como um artif\u00edcio de fuga, engajamento pol\u00edtico e social, ou, apenas, um modo l\u00fadico de vingar a vida.<\/p>\n\n\n\n<p>Desse modo, continuou Bozzi, buscou-se inspira\u00e7\u00e3o na vida e obra de Arthur Bispo do Ros\u00e1rio (1911 \u2013 1989), negro, nordestino e pobre que foi diagnosticado como paranoico-esquizofr\u00eanico. \u201cEle viveu a maior parte de sua vida internado num manic\u00f4mio e sobreviveu tanto aos tratamentos invasivos da \u00e9poca quanto ao isolamento f\u00edsico e moral ao qual era submetido. Com seu fazer criativo, bordando, justapondo materiais e ressignificando objetos, fez de sua \u2018lou-cura\u2019 um modo de transcender sua exist\u00eancia num mundo paralelo, no qual, um dia tamb\u00e9m sonhou encenar Romeu e Julieta\u201d.<\/p>\n\n\n\n<p>\u201cRomeu e Julieta\u201d, na montagem da Cia. Talagad\u00e1, trata-se de uma obra concebida para a rua, com imagens, situa\u00e7\u00f5es e figuras que comp\u00f5em esse espa\u00e7o, que tamb\u00e9m serviram como pe\u00e7as fundamentais e norteadoras para a concep\u00e7\u00e3o est\u00e9tica do espet\u00e1culo, que se utiliza de uma linguagem h\u00edbrida, coexistindo, em mesmo n\u00edvel de import\u00e2ncia, elementos do teatro, artes visuais, m\u00fasica e performance.<\/p>\n\n\n\n<p>Assim, nesta interface do cl\u00e1ssico de Shakespeare com o universo de Bispo do Ros\u00e1rio no espa\u00e7o da rua, prop\u00f5em-se ao espectador uma experi\u00eancia c\u00f4mica, l\u00fadica e on\u00edrica, e uma reflex\u00e3o pol\u00edtica e social, na qual, mais que compadecer do amor imposs\u00edvel dos protagonistas, ele pense nas consequ\u00eancias dos atos que n\u00f3s mesmos representamos, seja como \u201cCapuletos\u201d ou \u201cMont\u00e9quios\u201d.<\/p>\n\n\n\n<p>A Sala Jundia\u00ed tem capacidade para 180 pessoas. N\u00e3o haver\u00e1 distribui\u00e7\u00e3o de ingressos. A entrada se dar\u00e1 por ordem de chegada.<\/p>\n\n\n\n<p>O Complexo Fepasa fica na avenida Uni\u00e3o dos Ferrovi\u00e1rios, 1760. Mais informa\u00e7\u00f5es pelo telefone 4589-6800.<\/p>\n\n\n\n<figure class=\"wp-block-image\"><img decoding=\"async\" src=\"https:\/\/jundiai.sp.gov.br\/noticias\/wp-content\/uploads\/sites\/32\/2022\/03\/rej-foto-valner-cintra.jpg\" alt=\"\" class=\"wp-image-288447\" \/><figcaption>Apresenta\u00e7\u00e3o traz interface do cl\u00e1ssico com o universo de Bispo do Ros\u00e1rio, no espa\u00e7o da rua (Foto: Valner Cintra)<\/figcaption><\/figure>\n\n\n\n<p><strong><em>(Fonte: Prefeitura de Jundia\u00ed\/Imagem: Divulga\u00e7\u00e3o)<\/em><\/strong><\/p>\n","protected":false},"excerpt":{"rendered":"<p>Pe\u00e7a conta a hist\u00f3ria de cinco pessoas em situa\u00e7\u00e3o de rua tentando subverter com ludicidade essa situa\u00e7\u00e3o.<\/p>\n","protected":false},"author":25,"featured_media":90471,"comment_status":"closed","ping_status":"closed","sticky":false,"template":"","format":"standard","meta":{"footnotes":""},"categories":[2833,1],"tags":[],"class_list":["post-90470","post","type-post","status-publish","format-standard","has-post-thumbnail","hentry","category-cultura","category-noticias"],"_links":{"self":[{"href":"https:\/\/tvtecjundiai.com.br\/news\/wp-json\/wp\/v2\/posts\/90470","targetHints":{"allow":["GET"]}}],"collection":[{"href":"https:\/\/tvtecjundiai.com.br\/news\/wp-json\/wp\/v2\/posts"}],"about":[{"href":"https:\/\/tvtecjundiai.com.br\/news\/wp-json\/wp\/v2\/types\/post"}],"author":[{"embeddable":true,"href":"https:\/\/tvtecjundiai.com.br\/news\/wp-json\/wp\/v2\/users\/25"}],"replies":[{"embeddable":true,"href":"https:\/\/tvtecjundiai.com.br\/news\/wp-json\/wp\/v2\/comments?post=90470"}],"version-history":[{"count":1,"href":"https:\/\/tvtecjundiai.com.br\/news\/wp-json\/wp\/v2\/posts\/90470\/revisions"}],"predecessor-version":[{"id":90472,"href":"https:\/\/tvtecjundiai.com.br\/news\/wp-json\/wp\/v2\/posts\/90470\/revisions\/90472"}],"wp:featuredmedia":[{"embeddable":true,"href":"https:\/\/tvtecjundiai.com.br\/news\/wp-json\/wp\/v2\/media\/90471"}],"wp:attachment":[{"href":"https:\/\/tvtecjundiai.com.br\/news\/wp-json\/wp\/v2\/media?parent=90470"}],"wp:term":[{"taxonomy":"category","embeddable":true,"href":"https:\/\/tvtecjundiai.com.br\/news\/wp-json\/wp\/v2\/categories?post=90470"},{"taxonomy":"post_tag","embeddable":true,"href":"https:\/\/tvtecjundiai.com.br\/news\/wp-json\/wp\/v2\/tags?post=90470"}],"curies":[{"name":"wp","href":"https:\/\/api.w.org\/{rel}","templated":true}]}}